{"id":8237,"date":"2008-01-11T17:52:47","date_gmt":"2008-01-11T16:52:47","guid":{"rendered":"https:\/\/destinationcyber.com\/?p=8237"},"modified":"2008-01-11T17:52:47","modified_gmt":"2008-01-11T16:52:47","slug":"des-fonctionnaires-moins-nombreux-mais-mieux-payes","status":"publish","type":"post","link":"https:\/\/destinationcyber.com\/?p=8237","title":{"rendered":"Des fonctionnaires moins nombreux, mais mieux pay\u00e9s"},"content":{"rendered":"<p>\u00ab\u00a0Je ne suis pas issu de la fonction publique, mais j&rsquo;y crois\u00a0\u00bb, a plaid\u00e9 le chef de l&rsquo;\u00c9tat, \u00e0 deux semaines d&rsquo;une journ\u00e9e de mobilisation nationale des fonctionnaires pour la d\u00e9fense de l&#8217;emploi et des salaires.<\/p>\n<p>\u00ab\u00a0Les probl\u00e8mes du pouvoir d&rsquo;achat dans le priv\u00e9, on les retrouve dans le secteur public\u00a0\u00bb.<\/p>\n<p>Mais au-del\u00e0, Nicolas Sarkozy a affirm\u00e9 son intention de d\u00e9cloisonner les \u00e9volutions de carri\u00e8re, de remettre en cause les m\u00e9canismes de l&rsquo;anciennet\u00e9 et des concours, de mieux repr\u00e9senter la diversit\u00e9 de la population au sein de la Fonction publique.<\/p>\n<p>D&rsquo;o\u00f9 ce tandem baisse des effectifs &#8211; hausse des salaires d\u00e9j\u00e0 largement mis en avant.<\/p>\n<p>\u00ab\u00a0J&rsquo;assume donc pleinement l&rsquo;objectif qu&rsquo;il faut mieux payer les fonctionnaires et ne pas consid\u00e9rer la question des effectifs comme un tabou\u00a0\u00bb, a expliqu\u00e9 le chef de l&rsquo;\u00c9tat, une r\u00e9duction qui \u00ab\u00a0ne peut se faire sans une am\u00e9lioration concomitante\u00a0\u00bb des traitements.<\/p>\n<p>\u00ab\u00a0Le traitement indiciaire de base \u00e9voluera au minimum sur l&rsquo;\u00e9volution de l&rsquo;inflation\u00a0\u00bb.<\/p>\n<p>La r\u00e9forme de la fonction publique ne se fera pas sans les repr\u00e9sentants du personnel mais je veux vous le dire : la r\u00e9forme de la fonction publique, pour que vous retrouviez une qualit\u00e9 de vie dans votre travail, je la conduirai\u00a0\u00bb.<\/p>\n<p>Fanch<\/p>\n","protected":false},"excerpt":{"rendered":"<p>\u00ab\u00a0Je ne suis pas issu de la fonction publique, mais j&rsquo;y crois\u00a0\u00bb, a plaid\u00e9 le chef de l&rsquo;\u00c9tat, \u00e0 deux semaines d&rsquo;une journ\u00e9e de mobilisation nationale des fonctionnaires pour la d\u00e9fense de l&#8217;emploi et des salaires. \u00ab\u00a0Les probl\u00e8mes du pouvoir d&rsquo;achat dans le priv\u00e9, on les retrouve dans le secteur public\u00a0\u00bb. Mais au-del\u00e0, Nicolas Sarkozy [&hellip;]<\/p>\n","protected":false},"author":1,"featured_media":0,"comment_status":"closed","ping_status":"open","sticky":false,"template":"","format":"standard","meta":{"_citadela_custom_class":"","footnotes":""},"categories":[16],"tags":[],"class_list":["post-8237","post","type-post","status-publish","format-standard","hentry","category-bricabrac"],"_links":{"self":[{"href":"https:\/\/destinationcyber.com\/index.php?rest_route=\/wp\/v2\/posts\/8237","targetHints":{"allow":["GET"]}}],"collection":[{"href":"https:\/\/destinationcyber.com\/index.php?rest_route=\/wp\/v2\/posts"}],"about":[{"href":"https:\/\/destinationcyber.com\/index.php?rest_route=\/wp\/v2\/types\/post"}],"author":[{"embeddable":true,"href":"https:\/\/destinationcyber.com\/index.php?rest_route=\/wp\/v2\/users\/1"}],"replies":[{"embeddable":true,"href":"https:\/\/destinationcyber.com\/index.php?rest_route=%2Fwp%2Fv2%2Fcomments&post=8237"}],"version-history":[{"count":0,"href":"https:\/\/destinationcyber.com\/index.php?rest_route=\/wp\/v2\/posts\/8237\/revisions"}],"wp:attachment":[{"href":"https:\/\/destinationcyber.com\/index.php?rest_route=%2Fwp%2Fv2%2Fmedia&parent=8237"}],"wp:term":[{"taxonomy":"category","embeddable":true,"href":"https:\/\/destinationcyber.com\/index.php?rest_route=%2Fwp%2Fv2%2Fcategories&post=8237"},{"taxonomy":"post_tag","embeddable":true,"href":"https:\/\/destinationcyber.com\/index.php?rest_route=%2Fwp%2Fv2%2Ftags&post=8237"}],"curies":[{"name":"wp","href":"https:\/\/api.w.org\/{rel}","templated":true}]}}