{"id":8160,"date":"2007-12-13T17:23:59","date_gmt":"2007-12-13T16:23:59","guid":{"rendered":"https:\/\/destinationcyber.com\/?p=8160"},"modified":"2007-12-13T17:23:59","modified_gmt":"2007-12-13T16:23:59","slug":"ouverture-du-delicat-processus-de-ratification-du-traite-remplacant-la-defunte-constitutiondans-les-27-pays-membres","status":"publish","type":"post","link":"https:\/\/destinationcyber.com\/?p=8160","title":{"rendered":"Ouverture du d\u00e9licat processus de ratification du trait\u00e9 rempla\u00e7ant la d\u00e9funte Constitutiondans les 27 pays membres"},"content":{"rendered":"<p>En l&rsquo;absence remarqu\u00e9e de Gordon Brown, les dirigeants de l&rsquo;Union europ\u00e9enne ont solennellement sign\u00e9 jeudi \u00e0 Lisbonne le trait\u00e9 rempla\u00e7ant la d\u00e9funte Constitution, ouvrant la voie \u00e0 un d\u00e9licat processus de ratification dans les 27 pays membres.<\/p>\n<p>Le trait\u00e9, qui prendra d\u00e9sormais le nom de Trait\u00e9 de Lisbonne, a \u00e9t\u00e9 sign\u00e9 dans le clo\u00eetre du monast\u00e8re des Jeronimos aux pierres sculpt\u00e9es comme de la dentelle, datant du XVI\u00e8me si\u00e8cle, o\u00f9 le Portugal avait d\u00e9j\u00e0 sign\u00e9 son trait\u00e9 d&rsquo;adh\u00e9sion \u00e0 l&rsquo;Union en 1985.<\/p>\n<p>Les chefs de gouvernement et les ministres des Affaires \u00e9trang\u00e8res de chaque pays ont appos\u00e9 leur signature sur le document \u00e0 l&rsquo;aide d&rsquo;un stylo en argent offert par la pr\u00e9sidence portugaise de l&rsquo;UE.<\/p>\n<p>Le seul chef de gouvernement europ\u00e9en \u00e0 rater la c\u00e9r\u00e9monie \u00e9tait le Britannique Gordon Brown, qui a laiss\u00e9 son ministre des Affaires \u00e9trang\u00e8res David Miliband signer \u00e0 sa place.<\/p>\n<p>Downing Street a invoqu\u00e9 l&rsquo;obligation pour M. Brown de r\u00e9pondre aux questions d&rsquo;une commission parlementaire qui l&rsquo;interroge tous les six mois pour justifier son arriv\u00e9e \u00e0 Lisbonne trop tard pour la c\u00e9r\u00e9monie, et sa signature n&rsquo;a eu lieu qu&rsquo;en milieu d&rsquo;apr\u00e8s-midi.<\/p>\n<p>Mais ce conflit d&#8217;emploi du temps pour une c\u00e9r\u00e9monie pr\u00e9vue depuis pr\u00e8s de deux mois n&rsquo;a convaincu personne.<\/p>\n<p>Les observateurs y ont vu avant tout le peu d&rsquo;importance accord\u00e9 aux affaires europ\u00e9ennes par M. Brown, sous pression constante des eurosceptiques britanniques.<\/p>\n<p>Moi, je pense qu&rsquo;on a besoin de la Grande-Bretagne en Europe\u00a0\u00bb, a r\u00e9agi le pr\u00e9sident fran\u00e7ais Nicolas Sarkozy, avant d&rsquo;ajouter en anglais \u00ab\u00a0We need Gordon\u00a0\u00bb.<\/p>\n<p>Je vous invite maintenant \u00e0 faire preuve de la m\u00eame d\u00e9termination pendant la p\u00e9riode de ratification\u00a0\u00bb, a d\u00e9clar\u00e9 le pr\u00e9sident de la Commission europ\u00e9enne Jos\u00e9 Manuel Barroso.<\/p>\n<p>Conscient du scepticisme grandissant vis-\u00e0-vis du projet europ\u00e9en, il a aussi appel\u00e9 les gouvernements \u00e0 \u00ab\u00a0communiquer\u00a0\u00bb sur les bienfaits du trait\u00e9 et \u00e0 r\u00e9pondre \u00e0 l&rsquo;attente des citoyens qui \u00ab\u00a0veulent des r\u00e9sultats\u00a0\u00bb.<\/p>\n<p>\u00ab\u00a0Il faut une politique de l&rsquo;immigration, il faut une politique de l&rsquo;environnement, il faut une politique de la d\u00e9fense en Europe.<\/p>\n<p>Fanch<\/p>\n","protected":false},"excerpt":{"rendered":"<p>En l&rsquo;absence remarqu\u00e9e de Gordon Brown, les dirigeants de l&rsquo;Union europ\u00e9enne ont solennellement sign\u00e9 jeudi \u00e0 Lisbonne le trait\u00e9 rempla\u00e7ant la d\u00e9funte Constitution, ouvrant la voie \u00e0 un d\u00e9licat processus de ratification dans les 27 pays membres. Le trait\u00e9, qui prendra d\u00e9sormais le nom de Trait\u00e9 de Lisbonne, a \u00e9t\u00e9 sign\u00e9 dans le clo\u00eetre du [&hellip;]<\/p>\n","protected":false},"author":1,"featured_media":0,"comment_status":"closed","ping_status":"open","sticky":false,"template":"","format":"standard","meta":{"_citadela_custom_class":"","footnotes":""},"categories":[19],"tags":[],"class_list":["post-8160","post","type-post","status-publish","format-standard","hentry","category-e-droit"],"_links":{"self":[{"href":"https:\/\/destinationcyber.com\/index.php?rest_route=\/wp\/v2\/posts\/8160","targetHints":{"allow":["GET"]}}],"collection":[{"href":"https:\/\/destinationcyber.com\/index.php?rest_route=\/wp\/v2\/posts"}],"about":[{"href":"https:\/\/destinationcyber.com\/index.php?rest_route=\/wp\/v2\/types\/post"}],"author":[{"embeddable":true,"href":"https:\/\/destinationcyber.com\/index.php?rest_route=\/wp\/v2\/users\/1"}],"replies":[{"embeddable":true,"href":"https:\/\/destinationcyber.com\/index.php?rest_route=%2Fwp%2Fv2%2Fcomments&post=8160"}],"version-history":[{"count":0,"href":"https:\/\/destinationcyber.com\/index.php?rest_route=\/wp\/v2\/posts\/8160\/revisions"}],"wp:attachment":[{"href":"https:\/\/destinationcyber.com\/index.php?rest_route=%2Fwp%2Fv2%2Fmedia&parent=8160"}],"wp:term":[{"taxonomy":"category","embeddable":true,"href":"https:\/\/destinationcyber.com\/index.php?rest_route=%2Fwp%2Fv2%2Fcategories&post=8160"},{"taxonomy":"post_tag","embeddable":true,"href":"https:\/\/destinationcyber.com\/index.php?rest_route=%2Fwp%2Fv2%2Ftags&post=8160"}],"curies":[{"name":"wp","href":"https:\/\/api.w.org\/{rel}","templated":true}]}}