{"id":8156,"date":"2007-12-12T18:09:58","date_gmt":"2007-12-12T17:09:58","guid":{"rendered":"https:\/\/destinationcyber.com\/?p=8156"},"modified":"2007-12-12T18:09:58","modified_gmt":"2007-12-12T17:09:58","slug":"le-gouvernement-va-sattaquer-a-la-question-du-temps-partiel-subi-en-2008","status":"publish","type":"post","link":"https:\/\/destinationcyber.com\/?p=8156","title":{"rendered":"Le gouvernement va s&rsquo;attaquer \u00e0 la question du temps partiel subi en 2008"},"content":{"rendered":"<p>\u00ab\u00a0On est all\u00e9 au plus press\u00e9, au plus efficace et \u00e0 ce qui pouvait \u00eatre mis en &#339;uvre imm\u00e9diatement\u00a0\u00bb, a expliqu\u00e9 sur RTL la ministre de l&rsquo;\u00e9conomie, des finances et de l&#8217;emploi, qui \u00e9tait interrog\u00e9e sur l&rsquo;absence d&rsquo;effets sur les ch\u00f4meurs et les retrait\u00e9s du projet de loi sur le pouvoir d&rsquo;achat, pr\u00e9sent\u00e9 mercredi en conseil des ministres.<\/p>\n<p>Dans un entretien au Monde, Xavier Bertrand rejette \u00e9galement l&rsquo;affirmation selon laquelle le projet de loi ne b\u00e9n\u00e9ficiera pas aux salari\u00e9s pr\u00e9caires ou aux demandeurs d&#8217;emploi.<\/p>\n<p>Pour les retrait\u00e9s, il va y avoir une \u00ab\u00a0augmentation habituelle\u00a0\u00bb au 1er janvier et pour les ch\u00f4meurs, une partie de la solution r\u00e9side dans le rapprochement entre l&rsquo;ANPE et l&rsquo;Unedic, a soulign\u00e9 Christine Lagarde.<\/p>\n<p>Mais \u00ab\u00a0ce qui est exact c&rsquo;est qu&rsquo;il y a du temps partiel, un sujet sur lequel nous allons beaucoup beaucoup travailler en 2008 (comme) l&#8217;emploi des seniors et l&#8217;emploi des jeunes\u00a0\u00bb, a-t-elle ajout\u00e9.<\/p>\n<p>Ce th\u00e8me sera \u00ab\u00a0l&rsquo;un des enjeux\u00a0\u00bb de la conf\u00e9rence sur l&rsquo;\u00e9galit\u00e9, pr\u00e9cise Xavier Bertrand dans Le Monde dat\u00e9 de jeudi.<\/p>\n<p>Fanch<\/p>\n","protected":false},"excerpt":{"rendered":"<p>\u00ab\u00a0On est all\u00e9 au plus press\u00e9, au plus efficace et \u00e0 ce qui pouvait \u00eatre mis en &#339;uvre imm\u00e9diatement\u00a0\u00bb, a expliqu\u00e9 sur RTL la ministre de l&rsquo;\u00e9conomie, des finances et de l&#8217;emploi, qui \u00e9tait interrog\u00e9e sur l&rsquo;absence d&rsquo;effets sur les ch\u00f4meurs et les retrait\u00e9s du projet de loi sur le pouvoir d&rsquo;achat, pr\u00e9sent\u00e9 mercredi en [&hellip;]<\/p>\n","protected":false},"author":1,"featured_media":0,"comment_status":"closed","ping_status":"open","sticky":false,"template":"","format":"standard","meta":{"_citadela_custom_class":"","footnotes":""},"categories":[17],"tags":[],"class_list":["post-8156","post","type-post","status-publish","format-standard","hentry","category-economia"],"_links":{"self":[{"href":"https:\/\/destinationcyber.com\/index.php?rest_route=\/wp\/v2\/posts\/8156","targetHints":{"allow":["GET"]}}],"collection":[{"href":"https:\/\/destinationcyber.com\/index.php?rest_route=\/wp\/v2\/posts"}],"about":[{"href":"https:\/\/destinationcyber.com\/index.php?rest_route=\/wp\/v2\/types\/post"}],"author":[{"embeddable":true,"href":"https:\/\/destinationcyber.com\/index.php?rest_route=\/wp\/v2\/users\/1"}],"replies":[{"embeddable":true,"href":"https:\/\/destinationcyber.com\/index.php?rest_route=%2Fwp%2Fv2%2Fcomments&post=8156"}],"version-history":[{"count":0,"href":"https:\/\/destinationcyber.com\/index.php?rest_route=\/wp\/v2\/posts\/8156\/revisions"}],"wp:attachment":[{"href":"https:\/\/destinationcyber.com\/index.php?rest_route=%2Fwp%2Fv2%2Fmedia&parent=8156"}],"wp:term":[{"taxonomy":"category","embeddable":true,"href":"https:\/\/destinationcyber.com\/index.php?rest_route=%2Fwp%2Fv2%2Fcategories&post=8156"},{"taxonomy":"post_tag","embeddable":true,"href":"https:\/\/destinationcyber.com\/index.php?rest_route=%2Fwp%2Fv2%2Ftags&post=8156"}],"curies":[{"name":"wp","href":"https:\/\/api.w.org\/{rel}","templated":true}]}}