{"id":8108,"date":"2007-11-28T17:41:39","date_gmt":"2007-11-28T16:41:39","guid":{"rendered":"https:\/\/destinationcyber.com\/?p=8108"},"modified":"2007-11-28T17:41:39","modified_gmt":"2007-11-28T16:41:39","slug":"il-nest-pas-opportun-de-legiferer-sur-la-vente-liee","status":"publish","type":"post","link":"https:\/\/destinationcyber.com\/?p=8108","title":{"rendered":"Il n&rsquo;est \u00ab\u00a0pas opportun de l\u00e9gif\u00e9rer sur la vente li\u00e9e"},"content":{"rendered":"<p>Arriv\u00e9e sur le devant de la sc\u00e8ne dans le projet de loi \u00ab\u00a0Consommation\u00a0\u00bb que les d\u00e9put\u00e9s examinent depuis le 21 novembre, la question de la vente li\u00e9e dans le domaine de l&rsquo;informatique ne cesse de faire des remous.<\/p>\n<p>Interrog\u00e9 par Jean-Yves Le D\u00e9aut, d\u00e9put\u00e9 (PS) de Meurthe-et-Moselle, sur cette pratique, qui consiste \u00e0 vendre ensemble le mat\u00e9riel et les logiciels, Luc Chatel, secr\u00e9taire d&rsquo;Etat charg\u00e9 de la Consommation et du Tourisme, indiquait le 21 novembre que \u00ab\u00a0Beaucoup de fabricants proposent d\u00e9j\u00e0 des ordinateurs nus, ou fonctionnant sous le syst\u00e8me d&rsquo;exploitation gratuit Linux\u00a0\u00bb, suscitant l&rsquo;\u00e9tonnement des d\u00e9fenseurs du libre.<\/p>\n<p>Lundi 26 novembre, lors d&rsquo;une nouvelle s\u00e9ance, le repr\u00e9sentant du gouvernement a affirm\u00e9 qu&rsquo;il n&rsquo;est \u00ab\u00a0pas opportun de l\u00e9gif\u00e9rer sur le sujet\u00a0\u00bb, amenant ses opposants \u00e0 critiquer ce qu&rsquo;ils per\u00e7oivent comme un changement d&rsquo;avis de sa part sur la vente li\u00e9e.<\/p>\n<p>Martine Billard, d\u00e9put\u00e9e Verts de la 1\u00e8re circonscription de Paris, interpelle Luc Chatel : \u00ab\u00a0Monsieur le secr\u00e9taire d&rsquo;\u00c9tat, vous avez affirm\u00e9, lors de la discussion g\u00e9n\u00e9rale, qu&rsquo;il \u00e9tait aujourd&rsquo;hui possible d&rsquo;acheter un ordinateur sans logiciel.<\/p>\n<p>Or, c&rsquo;est impossible dans les \u00e9tablissements de la grande distribution, o\u00f9 le consommateur n&rsquo;est pas en mesure de comparer les prix entre un ordinateur \u00e9quip\u00e9 et un autre qui ne le serait pas\u00a0\u00bb.<\/p>\n<p>La m\u00eame poursuit : \u00ab\u00a0La vente de logiciels pr\u00e9-install\u00e9s est une vente forc\u00e9e, o\u00f9 la transparence des prix fait compl\u00e8tement d\u00e9faut.<\/p>\n<p>En outre, si un logiciel d&rsquo;exploitation est certes utile, d&rsquo;autres logiciels le sont beaucoup moins, sans que le client sache combien il paie pour des outils dont il ne se servira peut-\u00eatre jamais.<\/p>\n<p>R\u00e9ponse du secr\u00e9taire d&rsquo;Etat : \u00ab\u00a0Le recours abusif aux accords d&rsquo;exclusivit\u00e9 est d\u00e9j\u00e0 sanctionn\u00e9 ; la jurisprudence prend notamment en consid\u00e9ration la situation de d\u00e9pendance qui peut en r\u00e9sulter.<\/p>\n<p>Cette disposition n&rsquo;est certes pas strictement appliqu\u00e9e par le juge, qui consid\u00e8re que le bon fonctionnement de l&rsquo;ordinateur est primordial.<\/p>\n<p>Le Gouvernement a donc confi\u00e9 \u00e0 la DGCCRF* une mission d&rsquo;expertise, qui est suspendue mais reprendra lorsque seront connus les r\u00e9sultats de l&rsquo;action intent\u00e9e par une association de consommateurs  soit au d\u00e9but de l&rsquo;ann\u00e9e prochaine.<\/p>\n<p>Et Jean-Yves Le D\u00e9aut de s&rsquo;\u00e9tonner : \u00ab\u00a0M. Chatel n&rsquo;avait pas la m\u00eame position lorsqu&rsquo;il \u00e9tait d\u00e9put\u00e9, puisque, comme un certain nombre d&rsquo;entre nous, il avait alors pos\u00e9 une question \u00e9crite dans laquelle il demandait la lisibilit\u00e9 des prix du secteur informatique\u00a0\u00bb.<\/p>\n<p>Le 15 mars 2005, l&rsquo;actuel secr\u00e9taire d&rsquo;Etat a pos\u00e9 une question \u00e0 Fran\u00e7ois Loos, le ministre d\u00e9l\u00e9gu\u00e9 \u00e0 l&rsquo;industrie de l&rsquo;\u00e9poque, \u00ab\u00a0sur la lisibilit\u00e9 des prix affich\u00e9s dans les cas de ventes li\u00e9es pour le mat\u00e9riel informatique\u00a0\u00bb.<\/p>\n<p>Fanch<\/p>\n","protected":false},"excerpt":{"rendered":"<p>Arriv\u00e9e sur le devant de la sc\u00e8ne dans le projet de loi \u00ab\u00a0Consommation\u00a0\u00bb que les d\u00e9put\u00e9s examinent depuis le 21 novembre, la question de la vente li\u00e9e dans le domaine de l&rsquo;informatique ne cesse de faire des remous. Interrog\u00e9 par Jean-Yves Le D\u00e9aut, d\u00e9put\u00e9 (PS) de Meurthe-et-Moselle, sur cette pratique, qui consiste \u00e0 vendre ensemble [&hellip;]<\/p>\n","protected":false},"author":1,"featured_media":0,"comment_status":"closed","ping_status":"open","sticky":false,"template":"","format":"standard","meta":{"_citadela_custom_class":"","footnotes":""},"categories":[19],"tags":[],"class_list":["post-8108","post","type-post","status-publish","format-standard","hentry","category-e-droit"],"_links":{"self":[{"href":"https:\/\/destinationcyber.com\/index.php?rest_route=\/wp\/v2\/posts\/8108","targetHints":{"allow":["GET"]}}],"collection":[{"href":"https:\/\/destinationcyber.com\/index.php?rest_route=\/wp\/v2\/posts"}],"about":[{"href":"https:\/\/destinationcyber.com\/index.php?rest_route=\/wp\/v2\/types\/post"}],"author":[{"embeddable":true,"href":"https:\/\/destinationcyber.com\/index.php?rest_route=\/wp\/v2\/users\/1"}],"replies":[{"embeddable":true,"href":"https:\/\/destinationcyber.com\/index.php?rest_route=%2Fwp%2Fv2%2Fcomments&post=8108"}],"version-history":[{"count":0,"href":"https:\/\/destinationcyber.com\/index.php?rest_route=\/wp\/v2\/posts\/8108\/revisions"}],"wp:attachment":[{"href":"https:\/\/destinationcyber.com\/index.php?rest_route=%2Fwp%2Fv2%2Fmedia&parent=8108"}],"wp:term":[{"taxonomy":"category","embeddable":true,"href":"https:\/\/destinationcyber.com\/index.php?rest_route=%2Fwp%2Fv2%2Fcategories&post=8108"},{"taxonomy":"post_tag","embeddable":true,"href":"https:\/\/destinationcyber.com\/index.php?rest_route=%2Fwp%2Fv2%2Ftags&post=8108"}],"curies":[{"name":"wp","href":"https:\/\/api.w.org\/{rel}","templated":true}]}}