{"id":8099,"date":"2007-11-26T13:52:19","date_gmt":"2007-11-26T12:52:19","guid":{"rendered":"https:\/\/destinationcyber.com\/?p=8099"},"modified":"2007-11-26T13:52:19","modified_gmt":"2007-11-26T12:52:19","slug":"baisser-la-tva-pour-ameliorer-le-pouvoir-dachat","status":"publish","type":"post","link":"https:\/\/destinationcyber.com\/?p=8099","title":{"rendered":"Baisser la TVA pour am\u00e9liorer le pouvoir d&rsquo;achat ?"},"content":{"rendered":"<p>Les Fran\u00e7ais sont d\u00e9sormais 65% \u00e0 estimer que leur pouvoir d&rsquo;achat a diminu\u00e9 au cours des douze derniers mois, alors qu&rsquo;ils \u00e9taient 57% \u00e0 le penser en janvier.<\/p>\n<p>C&rsquo;est ce que r\u00e9v\u00e8le un sondage Ifop r\u00e9alis\u00e9 pour l&rsquo;hebdomadaire Dimanche Ouest France et rendu public publi\u00e9 samedi.<\/p>\n<p>En janvier, plus d&rsquo;un Fran\u00e7ais sur quatre trouvait que leur pouvoir d&rsquo;achat \u00e9tait stable. Une proportion tomb\u00e9e aujourd&rsquo;hui \u00e0 moins d&rsquo;un Fran\u00e7ais sur cinq (18%).<\/p>\n<p>Ce sont les personnes \u00e2g\u00e9es de 50 \u00e0 64 ans qui sont les plus nombreuses \u00e0 juger que leur pouvoir d&rsquo;achat a baiss\u00e9 depuis un an (75%), alors que les moins de 35 ans sont 55% \u00e0 le penser.<\/p>\n<p>Par cat\u00e9gorie socioprofessionnelle, les retrait\u00e9s (72%), les professions interm\u00e9diaires (66%) et les employ\u00e9s (63%) font le plus \u00e9tat d&rsquo;un recul de pouvoir d&rsquo;achat, devan\u00e7ant les professions lib\u00e9rales et cadres sup\u00e9rieurs (60%) et les ouvriers (56%).<\/p>\n<p>Quant aux mesures envisag\u00e9es pour am\u00e9liorer ce pouvoir d&rsquo;achat, les sond\u00e9s jugent surtout efficaces pour 85% d&rsquo;entre eux une baisse de la TVA et \u00e0 83% une baisse de la taxe int\u00e9rieure sur les produits p\u00e9troliers (TIPP).<\/p>\n<p>Une pr\u00e9occupation \u00e0 laquelle le pr\u00e9sident de la R\u00e9publique Nicolas Sarkozy devrait r\u00e9pondre d\u00e8s son retour de Chine.<\/p>\n<p>Je ne prends pas ces attentes \u00e0 la l\u00e9g\u00e8re\u00a0\u00bb, a assur\u00e9 le pr\u00e9sident, qui avait fait du pouvoir d&rsquo;achat l&rsquo;un des axes majeurs de sa campagne \u00e9lys\u00e9enne.<\/p>\n<p>Selon plusieurs articles de presse, le pr\u00e9sident s&rsquo;exprimera \u00e0 la t\u00e9l\u00e9vision jeudi soir &#8211; une intervention qui avait \u00e9t\u00e9 envisag\u00e9e cette semaine puis repouss\u00e9e pour se donner le temps de la r\u00e9flexion et laisser passer la fin du conflit dans les transports publics.<\/p>\n<p>Fanch<\/p>\n","protected":false},"excerpt":{"rendered":"<p>Les Fran\u00e7ais sont d\u00e9sormais 65% \u00e0 estimer que leur pouvoir d&rsquo;achat a diminu\u00e9 au cours des douze derniers mois, alors qu&rsquo;ils \u00e9taient 57% \u00e0 le penser en janvier. C&rsquo;est ce que r\u00e9v\u00e8le un sondage Ifop r\u00e9alis\u00e9 pour l&rsquo;hebdomadaire Dimanche Ouest France et rendu public publi\u00e9 samedi. En janvier, plus d&rsquo;un Fran\u00e7ais sur quatre trouvait que [&hellip;]<\/p>\n","protected":false},"author":1,"featured_media":0,"comment_status":"closed","ping_status":"open","sticky":false,"template":"","format":"standard","meta":{"_citadela_custom_class":"","footnotes":""},"categories":[17],"tags":[],"class_list":["post-8099","post","type-post","status-publish","format-standard","hentry","category-economia"],"_links":{"self":[{"href":"https:\/\/destinationcyber.com\/index.php?rest_route=\/wp\/v2\/posts\/8099","targetHints":{"allow":["GET"]}}],"collection":[{"href":"https:\/\/destinationcyber.com\/index.php?rest_route=\/wp\/v2\/posts"}],"about":[{"href":"https:\/\/destinationcyber.com\/index.php?rest_route=\/wp\/v2\/types\/post"}],"author":[{"embeddable":true,"href":"https:\/\/destinationcyber.com\/index.php?rest_route=\/wp\/v2\/users\/1"}],"replies":[{"embeddable":true,"href":"https:\/\/destinationcyber.com\/index.php?rest_route=%2Fwp%2Fv2%2Fcomments&post=8099"}],"version-history":[{"count":0,"href":"https:\/\/destinationcyber.com\/index.php?rest_route=\/wp\/v2\/posts\/8099\/revisions"}],"wp:attachment":[{"href":"https:\/\/destinationcyber.com\/index.php?rest_route=%2Fwp%2Fv2%2Fmedia&parent=8099"}],"wp:term":[{"taxonomy":"category","embeddable":true,"href":"https:\/\/destinationcyber.com\/index.php?rest_route=%2Fwp%2Fv2%2Fcategories&post=8099"},{"taxonomy":"post_tag","embeddable":true,"href":"https:\/\/destinationcyber.com\/index.php?rest_route=%2Fwp%2Fv2%2Ftags&post=8099"}],"curies":[{"name":"wp","href":"https:\/\/api.w.org\/{rel}","templated":true}]}}