{"id":8096,"date":"2007-11-23T23:36:34","date_gmt":"2007-11-23T22:36:34","guid":{"rendered":"https:\/\/destinationcyber.com\/?p=8096"},"modified":"2007-11-23T23:36:34","modified_gmt":"2007-11-23T22:36:34","slug":"forts-doutes-pour-le-grenelle-de-linsertion","status":"publish","type":"post","link":"https:\/\/destinationcyber.com\/?p=8096","title":{"rendered":"Forts doutes pour le grenelle de l&rsquo;insertion"},"content":{"rendered":"<p>Le grenelle de l&rsquo;insertion, dont l&rsquo;enjeu est de parvenir \u00e0 am\u00e9liorer l&rsquo;insertion des personnes en grande difficult\u00e9 face \u00e0 l&#8217;emploi, avec des dispositifs plus simples et coh\u00e9rents, a \u00e9t\u00e9 lanc\u00e9 vendredi \u00e0 Grenoble, sur fond d&rsquo;attente forte mais aussi de doutes des associations.<\/p>\n<p>Sous la houlette du Haut commissaire aux Solidarit\u00e9s actives, Martin Hirsch, associations, \u00e9lus, repr\u00e9sentants syndicaux et patronaux et personnes en insertion elles-m\u00eames, sont r\u00e9unis pour deux jours, vendredi et samedi, posant les bases d&rsquo;une concertation qui doit durer six mois.<\/p>\n<p>\u00ab\u00a0Le grenelle favorise les \u00e9changes, les confrontations entre personnes qui n&rsquo;ont pas l&rsquo;habitude de parler ensemble\u00a0\u00bb, a-t-elle dit, reconnaissant que les entreprises \u00ab\u00a0avaient \u00e0 apprendre des entreprises d&rsquo;insertion\u00a0\u00bb.<\/p>\n<p>Seul leader syndical pr\u00e9sent au grenelle, le secr\u00e9taire g\u00e9n\u00e9ral de la CFDT, Fran\u00e7ois Ch\u00e9r\u00e8que, a rappel\u00e9 qu&rsquo;un \u00ab\u00a0grenelle, c&rsquo;est une n\u00e9gociation\u00a0\u00bb, cela implique \u00ab\u00a0une rupture\u00a0\u00bb dans les politiques visant l&rsquo;insertion des personnes exclues du monde du travail.<\/p>\n<p>\u00ab\u00a0Il faudra des arbitrages politiques\u00a0\u00bb, a-t-il pr\u00e9venu.<\/p>\n<p>Le grenelle de l&rsquo;insertion a pour objectif de simplifier les dispositifs existants, pour une meilleure efficacit\u00e9, en allant jusqu&rsquo;\u00e0 la cr\u00e9ation d&rsquo;un \u00ab\u00a0contrat unique d&rsquo;insertion\u00a0\u00bb, \u00e0 la place de la dizaine de contrats existants.<\/p>\n<p>Mais \u00ab\u00a0le contrat unique d&rsquo;insertion, c&rsquo;est tout sauf un contrat uniforme\u00a0\u00bb, a assur\u00e9 Martin Hirsch, \u00ab\u00a0c&rsquo;est un contrat qui doit pouvoir se faire sur mesure, et r\u00e9pondre aux besoins de la personne et de l&#8217;employeur\u00a0\u00bb.<\/p>\n<p>Cela signifie, \u00ab\u00a0donner la responsabilit\u00e9\u00a0\u00bb aux acteurs de l&rsquo;insertion \u00ab\u00a0de d\u00e9roger aux r\u00e8gles pour une certaine proportion de contrats, avec un financement et une \u00e9valuation a posteriori\u00a0\u00bb, a-t-il expliqu\u00e9.<\/p>\n<p>\u00ab\u00a0Ce n&rsquo;est pas dans la tradition fran\u00e7aise\u00a0\u00bb, a-t-il reconnu, \u00ab\u00a0d&rsquo;exp\u00e9rimenter ou de faire confiance aux acteurs eux-m\u00eames\u00a0\u00bb de l&rsquo;insertion.<\/p>\n<p>Les doutes des associations s&rsquo;appuient aussi sur le fait que \u00ab\u00a0le gouvernement diminue le nombre et le financement des contrats aid\u00e9s au moment o\u00f9 il lance grenelle de l&rsquo;insertion\u00a0\u00bb, a rappel\u00e9 la pr\u00e9sidente de la Fnars.<\/p>\n<p>Fanch<\/p>\n","protected":false},"excerpt":{"rendered":"<p>Le grenelle de l&rsquo;insertion, dont l&rsquo;enjeu est de parvenir \u00e0 am\u00e9liorer l&rsquo;insertion des personnes en grande difficult\u00e9 face \u00e0 l&#8217;emploi, avec des dispositifs plus simples et coh\u00e9rents, a \u00e9t\u00e9 lanc\u00e9 vendredi \u00e0 Grenoble, sur fond d&rsquo;attente forte mais aussi de doutes des associations. Sous la houlette du Haut commissaire aux Solidarit\u00e9s actives, Martin Hirsch, associations, [&hellip;]<\/p>\n","protected":false},"author":1,"featured_media":0,"comment_status":"closed","ping_status":"open","sticky":false,"template":"","format":"standard","meta":{"_citadela_custom_class":"","footnotes":""},"categories":[17],"tags":[],"class_list":["post-8096","post","type-post","status-publish","format-standard","hentry","category-economia"],"_links":{"self":[{"href":"https:\/\/destinationcyber.com\/index.php?rest_route=\/wp\/v2\/posts\/8096","targetHints":{"allow":["GET"]}}],"collection":[{"href":"https:\/\/destinationcyber.com\/index.php?rest_route=\/wp\/v2\/posts"}],"about":[{"href":"https:\/\/destinationcyber.com\/index.php?rest_route=\/wp\/v2\/types\/post"}],"author":[{"embeddable":true,"href":"https:\/\/destinationcyber.com\/index.php?rest_route=\/wp\/v2\/users\/1"}],"replies":[{"embeddable":true,"href":"https:\/\/destinationcyber.com\/index.php?rest_route=%2Fwp%2Fv2%2Fcomments&post=8096"}],"version-history":[{"count":0,"href":"https:\/\/destinationcyber.com\/index.php?rest_route=\/wp\/v2\/posts\/8096\/revisions"}],"wp:attachment":[{"href":"https:\/\/destinationcyber.com\/index.php?rest_route=%2Fwp%2Fv2%2Fmedia&parent=8096"}],"wp:term":[{"taxonomy":"category","embeddable":true,"href":"https:\/\/destinationcyber.com\/index.php?rest_route=%2Fwp%2Fv2%2Fcategories&post=8096"},{"taxonomy":"post_tag","embeddable":true,"href":"https:\/\/destinationcyber.com\/index.php?rest_route=%2Fwp%2Fv2%2Ftags&post=8096"}],"curies":[{"name":"wp","href":"https:\/\/api.w.org\/{rel}","templated":true}]}}