{"id":8089,"date":"2007-11-21T22:08:35","date_gmt":"2007-11-21T21:08:35","guid":{"rendered":"https:\/\/destinationcyber.com\/?p=8089"},"modified":"2007-11-21T22:08:35","modified_gmt":"2007-11-21T21:08:35","slug":"le-medef-suggere-de-supprimer-la-duree-legale-du-travail","status":"publish","type":"post","link":"https:\/\/destinationcyber.com\/?p=8089","title":{"rendered":"Le Medef sugg\u00e8re de supprimer la dur\u00e9e l\u00e9gale du travail"},"content":{"rendered":"<p>Pour la pr\u00e9sidente du Medef, Laurence Parisot, le probl\u00e8me de pouvoir d&rsquo;achat est \u00ab\u00a0totalement objectif\u00a0\u00bb.<\/p>\n<p>\u00ab\u00a0C&rsquo;est vrai qu&rsquo;il y a un probl\u00e8me de pouvoir d&rsquo;achat\u00a0\u00bb, a-t-elle d\u00e9clar\u00e9 devant l&rsquo;Association des journalistes \u00e9conomiques et financiers (Ajef).<\/p>\n<p>Pour Laurence Parisot, \u00ab\u00a0le pouvoir d&rsquo;achat est une r\u00e9sultante d&rsquo;une croissance au niveau minimum\u00a0\u00bb.<\/p>\n<p>\u00ab\u00a0Donc, la vraie question n&rsquo;est pas comment je contribue \u00e0 ce qu&rsquo;il y ait plus de pouvoir d&rsquo;achat, mais comment je contribue \u00e0 ce qu&rsquo;il y ait plus de croissance\u00a0\u00bb, a-t-elle affirm\u00e9.<\/p>\n<p>\u00ab\u00a0Pour moi, il y a deux axes principaux \u00e0 travailler : comment on fait pour baisser les pr\u00e9l\u00e8vements obligatoires sur les entreprises, c&rsquo;est prioritaire, et deuxi\u00e8me chose, n&rsquo;est-il pas temps d&rsquo;aller plus loin sur la question de la dur\u00e9e du travail\u00a0\u00bb, a-t-elle ajout\u00e9.<\/p>\n<p>\u00ab\u00a0Tout le monde\u00a0\u00bb peut remarquer \u00ab\u00a0que le m\u00e9canisme des heures suppl\u00e9mentaires n&rsquo;est pas suffisant\u00a0\u00bb.<\/p>\n<p>Les dispositifs permettant d\u00e9j\u00e0 aux entreprises de travailler au-del\u00e0 de 35 heures par semaine sont \u00ab\u00a0r\u00e9barbatifs\u00a0\u00bb et l&rsquo;utilisation du contingent d&rsquo;heures suppl\u00e9mentaires autoris\u00e9 (220 heures\/an) est \u00ab\u00a0tr\u00e8s lourd, car il supposait des n\u00e9gociations de branche\u00a0\u00bb, a-t-elle insist\u00e9.<\/p>\n<p>\u00ab\u00a0La dur\u00e9e optimale chez Ifop, France 2, Renault ou Bouygues, n&rsquo;est peut-\u00eatre pas la m\u00eame, et il y a des p\u00e9riodes de l&rsquo;ann\u00e9e (&#8230;), des conjonctures o\u00f9 il faut donner le coup de collier, et apr\u00e8s on va retrouver des gains de productivit\u00e9 et revenir \u00e0 36 ou 35 heures.<\/p>\n<p>Fanch<\/p>\n","protected":false},"excerpt":{"rendered":"<p>Pour la pr\u00e9sidente du Medef, Laurence Parisot, le probl\u00e8me de pouvoir d&rsquo;achat est \u00ab\u00a0totalement objectif\u00a0\u00bb. \u00ab\u00a0C&rsquo;est vrai qu&rsquo;il y a un probl\u00e8me de pouvoir d&rsquo;achat\u00a0\u00bb, a-t-elle d\u00e9clar\u00e9 devant l&rsquo;Association des journalistes \u00e9conomiques et financiers (Ajef). Pour Laurence Parisot, \u00ab\u00a0le pouvoir d&rsquo;achat est une r\u00e9sultante d&rsquo;une croissance au niveau minimum\u00a0\u00bb. \u00ab\u00a0Donc, la vraie question n&rsquo;est pas [&hellip;]<\/p>\n","protected":false},"author":1,"featured_media":0,"comment_status":"closed","ping_status":"open","sticky":false,"template":"","format":"standard","meta":{"_citadela_custom_class":"","footnotes":""},"categories":[17],"tags":[],"class_list":["post-8089","post","type-post","status-publish","format-standard","hentry","category-economia"],"_links":{"self":[{"href":"https:\/\/destinationcyber.com\/index.php?rest_route=\/wp\/v2\/posts\/8089","targetHints":{"allow":["GET"]}}],"collection":[{"href":"https:\/\/destinationcyber.com\/index.php?rest_route=\/wp\/v2\/posts"}],"about":[{"href":"https:\/\/destinationcyber.com\/index.php?rest_route=\/wp\/v2\/types\/post"}],"author":[{"embeddable":true,"href":"https:\/\/destinationcyber.com\/index.php?rest_route=\/wp\/v2\/users\/1"}],"replies":[{"embeddable":true,"href":"https:\/\/destinationcyber.com\/index.php?rest_route=%2Fwp%2Fv2%2Fcomments&post=8089"}],"version-history":[{"count":0,"href":"https:\/\/destinationcyber.com\/index.php?rest_route=\/wp\/v2\/posts\/8089\/revisions"}],"wp:attachment":[{"href":"https:\/\/destinationcyber.com\/index.php?rest_route=%2Fwp%2Fv2%2Fmedia&parent=8089"}],"wp:term":[{"taxonomy":"category","embeddable":true,"href":"https:\/\/destinationcyber.com\/index.php?rest_route=%2Fwp%2Fv2%2Fcategories&post=8089"},{"taxonomy":"post_tag","embeddable":true,"href":"https:\/\/destinationcyber.com\/index.php?rest_route=%2Fwp%2Fv2%2Ftags&post=8089"}],"curies":[{"name":"wp","href":"https:\/\/api.w.org\/{rel}","templated":true}]}}