{"id":8087,"date":"2007-11-21T20:11:26","date_gmt":"2007-11-21T19:11:26","guid":{"rendered":"https:\/\/destinationcyber.com\/?p=8087"},"modified":"2007-11-21T20:11:26","modified_gmt":"2007-11-21T19:11:26","slug":"premiers-signes-de-deblocage-a-la-sncf-et-a-la-ratp","status":"publish","type":"post","link":"https:\/\/destinationcyber.com\/?p=8087","title":{"rendered":"Premiers signes de d\u00e9blocage \u00e0 la SNCF et \u00e0 la RATP"},"content":{"rendered":"<p>A l&rsquo;issue de la premi\u00e8re r\u00e9union tripartite, la pr\u00e9sidente de la SNCF a estim\u00e9 que \u00ab\u00a0les discussions devraient permettre d&rsquo;acc\u00e9l\u00e9rer la dynamique de reprise du trafic\u00a0\u00bb.<\/p>\n<p>Anne-Marie Idrac indique qu&rsquo;elle avait pris des \u00ab\u00a0engagements imm\u00e9diats\u00a0\u00bb qui seront pr\u00e9cis\u00e9s lors des tables rondes ult\u00e9rieures.<\/p>\n<p>De son c\u00f4t\u00e9, Didier Le Reste, leader des cheminots CGT, souligne qu \u00ab\u00a0il y a des premiers points de marqu\u00e9s ce soir, il s&rsquo;agit d&rsquo;appr\u00e9cier, il y a un nouveau cycle de n\u00e9gociations qui s&rsquo;annoncent\u00a0\u00bb.<\/p>\n<p>Il ajoute: \u00ab\u00a0je ne donne pas de consignes sur les modalit\u00e9s du mouvement de gr\u00e8ve.<\/p>\n<p>Je consid\u00e8re qu&rsquo;il y a eu un certain nombre d&rsquo;avanc\u00e9es, d&rsquo;annonces (&#8230;).<\/p>\n<p>Je demande aux cheminots de prendre connaissance de l&rsquo;ensemble des \u00e9l\u00e9ments, de se r\u00e9unir demain matin dans des assembl\u00e9es g\u00e9n\u00e9rales\u00a0\u00bb.<\/p>\n<p>La SNCF annon\u00e7ait en milieu de journ\u00e9e que le taux de gr\u00e9vistes descendait \u00e0 22,8% contre 27% mardi et parlait m\u00eame d&rsquo;une \u00ab\u00a0reprise significative du travail\u00a0\u00bb: \u00ab\u00a0pr\u00e8s de quatre cheminots sur cinq sont \u00e0 leur poste de travail\u00a0\u00bb, souligne la direction.<\/p>\n<p>Une cinquantaine d&rsquo;assembl\u00e9es g\u00e9n\u00e9rales de cheminots auraient d\u00e9cid\u00e9 mercredi de suspendre la gr\u00e8ve, selon la direction de l&rsquo;entreprise.<\/p>\n<p>Au Havre et \u00e0 Dieppe, les cheminots ont vot\u00e9 la reprise du travail.<\/p>\n<p>Toutefois, les pr\u00e9visions SNCF et RATP pour jeudi 22 novembre restent \u00e9quivalentes \u00e0 celles d&rsquo;aujourd&rsquo;hui mercredi.<\/p>\n<hr \/>\n<p>Le trafic SNCF se r\u00e9v\u00e9lait mercredi matin globalement \u00ab\u00a0conforme aux pr\u00e9visions\u00a0\u00bb, malgr\u00e9 une \u00ab\u00a0action coordonn\u00e9e de sabotage\u00a0\u00bb (voir ci-contre) qui a entra\u00een\u00e9 des retards de une \u00e0 trois heures sur les lignes TGV, avait auparavant indiqu\u00e9 la direction.<\/p>\n<p>M\u00eame son de cloche \u00e0 la RATP avec selon la direction 16,4% de gr\u00e9vistes \u00e0 la mi-journ\u00e9e contre 18,4% la veille.<\/p>\n<p>Ce midi, \u00e0 l&rsquo;issue de la premi\u00e8re s\u00e9ance de n\u00e9gociation \u00e0 la RATP qui a dur\u00e9 plus de quatre heures, la CGT a d\u00e9clar\u00e9 qu&rsquo;elle laisserait le personnel \u00ab\u00a0appr\u00e9cier\u00a0\u00bb la situation.<\/p>\n<p>Selon elle, les discussions ont permis d&rsquo;apporter \u00ab\u00a0trois r\u00e9ponses\u00a0\u00bb: \u00ab\u00a0le calendrier aborde l&rsquo;ensemble des questions et il n&rsquo;y a pas d&rsquo;interdit\u00a0\u00bb, \u00ab\u00a0le gouvernement est d&rsquo;accord pour ne pas se borner au d\u00e9lai de n\u00e9gociation d&rsquo;un mois sur les questions de p\u00e9nibilit\u00e9\u00a0\u00bb, et \u00ab\u00a0d\u00e8s lundi, le PDG de la RATP pourra faire des propositions sur l&rsquo;int\u00e9gration des primes dans le calcul de pensions\u00a0\u00bb.<\/p>\n<p>Le syndicat FO (Force Ouvri\u00e8re) a annonc\u00e9 qu&rsquo;il maintenait ses pr\u00e9avis de gr\u00e8ve.<\/p>\n<p>Du c\u00f4t\u00e9 de l&rsquo;UNSA (autonomes), \u00ab\u00a0c&rsquo;\u00e9tait une r\u00e9union correcte: ni positive, ni n\u00e9gative.<\/p>\n<p>En face, il y a une volont\u00e9 de sortir du conflit et de l&rsquo;autre c\u00f4t\u00e9, des syndicats pr\u00eats \u00e0 jouer le jouer.Un gouvernement qui jouerait la montre et ne tiendrait pas ses engagements prendrait le risque d&rsquo;un nouveau conflit d&rsquo;ici un mois\u00a0\u00bb.<\/p>\n<p>Pour la CFDT, \u00ab\u00a0il \u00e9tait \u00e9vident qu&rsquo;aujourd&rsquo;hui on ne pouvait pas obtenir de grosses avanc\u00e9es: c&rsquo;\u00e9tait une entr\u00e9e en mati\u00e8re\u00a0\u00bb.\u00a0\u00bbLes repr\u00e9sentant de l&rsquo;\u00c9tat ont r\u00e9p\u00e9t\u00e9 les trois points non n\u00e9gociables: l&rsquo;allongement \u00e0 40 ans de la dur\u00e9e de cotisation, la d\u00e9cote et l&rsquo;indexation des pensions sur les prix\u00a0\u00bb.<\/p>\n<p>A la SNCF, la premi\u00e8re r\u00e9union tripartite de n\u00e9gociations associant l&rsquo;\u00c9tat, la direction de la SNCF et tous les syndicats sur les mesures d&rsquo;accompagnement de la r\u00e9forme des r\u00e9gimes sp\u00e9ciaux de retraite a d\u00e9but\u00e9 \u00e0 15h00.<\/p>\n<p>A cet \u00e9gard, un mouvement de reprise a pu \u00eatre observ\u00e9 dans les assembl\u00e9es de cheminots tenus mercredi apr\u00e8s-midi.<\/p>\n<p>Fanch<\/p>\n","protected":false},"excerpt":{"rendered":"<p>A l&rsquo;issue de la premi\u00e8re r\u00e9union tripartite, la pr\u00e9sidente de la SNCF a estim\u00e9 que \u00ab\u00a0les discussions devraient permettre d&rsquo;acc\u00e9l\u00e9rer la dynamique de reprise du trafic\u00a0\u00bb. Anne-Marie Idrac indique qu&rsquo;elle avait pris des \u00ab\u00a0engagements imm\u00e9diats\u00a0\u00bb qui seront pr\u00e9cis\u00e9s lors des tables rondes ult\u00e9rieures. De son c\u00f4t\u00e9, Didier Le Reste, leader des cheminots CGT, souligne qu [&hellip;]<\/p>\n","protected":false},"author":1,"featured_media":0,"comment_status":"closed","ping_status":"open","sticky":false,"template":"","format":"standard","meta":{"_citadela_custom_class":"","footnotes":""},"categories":[16],"tags":[],"class_list":["post-8087","post","type-post","status-publish","format-standard","hentry","category-bricabrac"],"_links":{"self":[{"href":"https:\/\/destinationcyber.com\/index.php?rest_route=\/wp\/v2\/posts\/8087","targetHints":{"allow":["GET"]}}],"collection":[{"href":"https:\/\/destinationcyber.com\/index.php?rest_route=\/wp\/v2\/posts"}],"about":[{"href":"https:\/\/destinationcyber.com\/index.php?rest_route=\/wp\/v2\/types\/post"}],"author":[{"embeddable":true,"href":"https:\/\/destinationcyber.com\/index.php?rest_route=\/wp\/v2\/users\/1"}],"replies":[{"embeddable":true,"href":"https:\/\/destinationcyber.com\/index.php?rest_route=%2Fwp%2Fv2%2Fcomments&post=8087"}],"version-history":[{"count":0,"href":"https:\/\/destinationcyber.com\/index.php?rest_route=\/wp\/v2\/posts\/8087\/revisions"}],"wp:attachment":[{"href":"https:\/\/destinationcyber.com\/index.php?rest_route=%2Fwp%2Fv2%2Fmedia&parent=8087"}],"wp:term":[{"taxonomy":"category","embeddable":true,"href":"https:\/\/destinationcyber.com\/index.php?rest_route=%2Fwp%2Fv2%2Fcategories&post=8087"},{"taxonomy":"post_tag","embeddable":true,"href":"https:\/\/destinationcyber.com\/index.php?rest_route=%2Fwp%2Fv2%2Ftags&post=8087"}],"curies":[{"name":"wp","href":"https:\/\/api.w.org\/{rel}","templated":true}]}}