{"id":8053,"date":"2007-11-12T23:09:44","date_gmt":"2007-11-12T22:09:44","guid":{"rendered":"https:\/\/destinationcyber.com\/?p=8053"},"modified":"2007-11-12T23:09:44","modified_gmt":"2007-11-12T22:09:44","slug":"bras-de-fer-entre-le-gouvernement-et-les-syndicats","status":"publish","type":"post","link":"https:\/\/destinationcyber.com\/?p=8053","title":{"rendered":"Bras de fer entre le gouvernement et les syndicats"},"content":{"rendered":"<p>Une \u00e9preuve de force s&rsquo;annonce sur le front social entre gouvernement et syndicats qui ouvrent les hostilit\u00e9s mardi soir \u00e0 la SNCF contre la r\u00e9forme des r\u00e9gimes sp\u00e9ciaux de retraite, cible d&rsquo;une s\u00e9rie de gr\u00e8ves appel\u00e9es \u00e0 essaimer en ce novembre sous haute tension.<\/p>\n<p>L&rsquo;ex\u00e9cutif affiche sa fermet\u00e9 face au premier test d&rsquo;ampleur pour Nicolas Sarkozy depuis son accession \u00e0 L&rsquo;\u00c9lys\u00e9e.<\/p>\n<p>Le chef de l&rsquo;\u00c9tat s&rsquo;est dit lundi \u00ab\u00a0tr\u00e8s calme\u00a0\u00bb et \u00ab\u00a0tr\u00e8s d\u00e9termin\u00e9\u00a0\u00bb tout en soulignant que \u00ab\u00a0la porte du dialogue reste ouverte\u00a0\u00bb.<\/p>\n<p>\u00ab\u00a0Ces r\u00e9formes, nous les ferons parce qu&rsquo;elles doivent \u00eatre faites\u00a0\u00bb, a-t-il dit \u00e0 Berlin \u00e0 l&rsquo;issue du conseil des ministres franco-allemand.<\/p>\n<p>\u00ab\u00a0Quand on fait son devoir, on n&rsquo;a pas peur\u00a0\u00bb, pr\u00e9venait le Premier ministre, Fran\u00e7ois Fillon, dans Le Journal du Dimanche.<\/p>\n<p>A l&rsquo;opposition de gauche et \u00e0 la CGT, notamment, qui accusent L&rsquo;\u00c9lys\u00e9e et Matignon de rechercher \u00ab\u00a0la tension maximum\u00a0\u00bb, Xavier Bertrand affirme que \u00ab\u00a0le gouvernement ne souhaite ni la gr\u00e8ve ni l&rsquo;enlisement\u00a0\u00bb.<\/p>\n<p>Dans un entretien au Parisien, le ministre du Travail souligne que le projet de r\u00e9forme soumis aux syndicats est \u00ab\u00a0raisonnable\u00a0\u00bb et que \u00ab\u00a0le statu quo n&rsquo;est pas imaginable\u00a0\u00bb.<\/p>\n<p>Le secr\u00e9taire g\u00e9n\u00e9ral de la CGT, majoritaire chez les cheminots, a rejet\u00e9 lundi les \u00ab\u00a0fables\u00a0\u00bb gouvernementales sur les r\u00e9gimes sp\u00e9ciaux.<\/p>\n<p>Je vous en prends une parmi d&rsquo;autres : il suffirait de faire dispara\u00eetre les r\u00e9gimes sp\u00e9ciaux de retraite pour avoir les moyens d&rsquo;augmenter les petites pensions du r\u00e9gime g\u00e9n\u00e9ral.<\/p>\n<p>Apr\u00e8s le coup de semonce du 18 octobre, la gr\u00e8ve des cheminots, \u00e0 laquelle ne s&rsquo;associe pas cette fois-ci la F\u00e9d\u00e9ration g\u00e9n\u00e9rale autonome des agents de conduite (FGAAC, 30% des conducteurs), devrait entrainer de fortes perturbations \u00e0 la SNCF.<\/p>\n<p>Reconductible par p\u00e9riode de 24h00, elle d\u00e9bute mardi \u00e0 20h00.<\/p>\n<hr \/>\n<p>La SNCF s&rsquo;engage \u00e0 \u00ab\u00a0un dispositif renforc\u00e9\u00a0\u00bb d&rsquo;information aux clients.<\/p>\n<p>Le mouvement s&rsquo;\u00e9tendra mercredi \u00e0 EDF-GDF et \u00e0 la RATP, qui annonce un trafic \u00ab\u00a0tr\u00e8s fortement perturb\u00e9\u00a0\u00bb avec une rame sur dix en moyenne sur les lignes de m\u00e9tro, un trafic \u00ab\u00a0quasi nul\u00a0\u00bb sur la ligne A du RER et \u00ab\u00a0aucun trafic\u00a0\u00bb sur la ligne B.<\/p>\n<p>Le gouvernement craint que les syndicats ne cherchent une jonction du mouvement avec la gr\u00e8ve dans la fonction publique le 20 novembre.<\/p>\n<p>Une \u00e9preuve de force s&rsquo;annonce sur le front social entre gouvernement et syndicats qui ouvrent les hostilit\u00e9s mardi soir \u00e0 la SNCF contre la r\u00e9forme des r\u00e9gimes sp\u00e9ciaux de retraite, cible d&rsquo;une s\u00e9rie de gr\u00e8ves appel\u00e9es \u00e0 essaimer en ce novembre sous haute tension.<\/p>\n<p>L&rsquo;ex\u00e9cutif affiche sa fermet\u00e9 face au premier test d&rsquo;ampleur pour Nicolas Sarkozy depuis son accession \u00e0 L&rsquo;\u00c9lys\u00e9e.<\/p>\n<p>Le chef de l&rsquo;\u00c9tat s&rsquo;est dit lundi \u00ab\u00a0tr\u00e8s calme\u00a0\u00bb et \u00ab\u00a0tr\u00e8s d\u00e9termin\u00e9\u00a0\u00bb tout en soulignant que \u00ab\u00a0la porte du dialogue reste ouverte\u00a0\u00bb.<\/p>\n<p>\u00ab\u00a0Ces r\u00e9formes, nous les ferons parce qu&rsquo;elles doivent \u00eatre faites\u00a0\u00bb, a-t-il dit \u00e0 Berlin \u00e0 l&rsquo;issue du conseil des ministres franco-allemand.<\/p>\n<p>\u00ab\u00a0Quand on fait son devoir, on n&rsquo;a pas peur\u00a0\u00bb, pr\u00e9venait le Premier ministre, Fran\u00e7ois Fillon, dans Le Journal du Dimanche.<\/p>\n<p>A l&rsquo;opposition de gauche et \u00e0 la CGT, notamment, qui accusent L&rsquo;\u00c9lys\u00e9e et Matignon de rechercher \u00ab\u00a0la tension maximum\u00a0\u00bb, Xavier Bertrand affirme que \u00ab\u00a0le gouvernement ne souhaite ni la gr\u00e8ve ni l&rsquo;enlisement\u00a0\u00bb.<\/p>\n<p>Dans un entretien au Parisien, le ministre du Travail souligne que le projet de r\u00e9forme soumis aux syndicats est \u00ab\u00a0raisonnable\u00a0\u00bb et que \u00ab\u00a0le statu quo n&rsquo;est pas imaginable\u00a0\u00bb.<\/p>\n<p>Le secr\u00e9taire g\u00e9n\u00e9ral de la CGT, majoritaire chez les cheminots, a rejet\u00e9 lundi les \u00ab\u00a0fables\u00a0\u00bb gouvernementales sur les r\u00e9gimes sp\u00e9ciaux.<\/p>\n<p>Je vous en prends une parmi d&rsquo;autres : il suffirait de faire dispara\u00eetre les r\u00e9gimes sp\u00e9ciaux de retraite pour avoir les moyens d&rsquo;augmenter les petites pensions du r\u00e9gime g\u00e9n\u00e9ral.<\/p>\n<p>Apr\u00e8s le coup de semonce du 18 octobre, la gr\u00e8ve des cheminots, \u00e0 laquelle ne s&rsquo;associe pas cette fois-ci la F\u00e9d\u00e9ration g\u00e9n\u00e9rale autonome des agents de conduite (FGAAC, 30% des conducteurs), devrait entra\u00eener de fortes perturbations \u00e0 la SNCF.<\/p>\n<p>Reconductible par p\u00e9riode de 24h00, elle d\u00e9bute mardi \u00e0 20h00.<\/p>\n<p>La SNCF s&rsquo;engage \u00e0 \u00ab\u00a0un dispositif renforc\u00e9\u00a0\u00bb d&rsquo;information aux clients.<\/p>\n<p>Le mouvement s&rsquo;\u00e9tendra mercredi \u00e0 EDF-GDF et \u00e0 la RATP, qui annonce un trafic \u00ab\u00a0tr\u00e8s fortement perturb\u00e9\u00a0\u00bb avec une rame sur dix en moyenne sur les lignes de m\u00e9tro, un trafic \u00ab\u00a0quasi nul\u00a0\u00bb sur la ligne A du RER et \u00ab\u00a0aucun trafic\u00a0\u00bb sur la ligne B.<\/p>\n<p>Le gouvernement craint que les syndicats ne cherchent une jonction du mouvement avec la gr\u00e8ve dans la fonction publique le 20 novembre.<\/p>\n<p>Fanch<\/p>\n","protected":false},"excerpt":{"rendered":"<p>Une \u00e9preuve de force s&rsquo;annonce sur le front social entre gouvernement et syndicats qui ouvrent les hostilit\u00e9s mardi soir \u00e0 la SNCF contre la r\u00e9forme des r\u00e9gimes sp\u00e9ciaux de retraite, cible d&rsquo;une s\u00e9rie de gr\u00e8ves appel\u00e9es \u00e0 essaimer en ce novembre sous haute tension. L&rsquo;ex\u00e9cutif affiche sa fermet\u00e9 face au premier test d&rsquo;ampleur pour Nicolas [&hellip;]<\/p>\n","protected":false},"author":1,"featured_media":0,"comment_status":"closed","ping_status":"open","sticky":false,"template":"","format":"standard","meta":{"_citadela_custom_class":"","footnotes":""},"categories":[16],"tags":[],"class_list":["post-8053","post","type-post","status-publish","format-standard","hentry","category-bricabrac"],"_links":{"self":[{"href":"https:\/\/destinationcyber.com\/index.php?rest_route=\/wp\/v2\/posts\/8053","targetHints":{"allow":["GET"]}}],"collection":[{"href":"https:\/\/destinationcyber.com\/index.php?rest_route=\/wp\/v2\/posts"}],"about":[{"href":"https:\/\/destinationcyber.com\/index.php?rest_route=\/wp\/v2\/types\/post"}],"author":[{"embeddable":true,"href":"https:\/\/destinationcyber.com\/index.php?rest_route=\/wp\/v2\/users\/1"}],"replies":[{"embeddable":true,"href":"https:\/\/destinationcyber.com\/index.php?rest_route=%2Fwp%2Fv2%2Fcomments&post=8053"}],"version-history":[{"count":0,"href":"https:\/\/destinationcyber.com\/index.php?rest_route=\/wp\/v2\/posts\/8053\/revisions"}],"wp:attachment":[{"href":"https:\/\/destinationcyber.com\/index.php?rest_route=%2Fwp%2Fv2%2Fmedia&parent=8053"}],"wp:term":[{"taxonomy":"category","embeddable":true,"href":"https:\/\/destinationcyber.com\/index.php?rest_route=%2Fwp%2Fv2%2Fcategories&post=8053"},{"taxonomy":"post_tag","embeddable":true,"href":"https:\/\/destinationcyber.com\/index.php?rest_route=%2Fwp%2Fv2%2Ftags&post=8053"}],"curies":[{"name":"wp","href":"https:\/\/api.w.org\/{rel}","templated":true}]}}