{"id":7981,"date":"2007-10-26T14:44:26","date_gmt":"2007-10-26T12:44:26","guid":{"rendered":"https:\/\/destinationcyber.com\/?p=7981"},"modified":"2007-10-26T14:44:26","modified_gmt":"2007-10-26T12:44:26","slug":"le-chantage-a-la-rue-ca-ne-marchera-pas","status":"publish","type":"post","link":"https:\/\/destinationcyber.com\/?p=7981","title":{"rendered":"\u00ab\u00a0Le chantage \u00e0 la rue, \u00e7a ne marchera pas\u00a0\u00bb"},"content":{"rendered":"<p>Nicolas Sarkozy affiche sa fermet\u00e9 sur le projet de r\u00e9forme des r\u00e9gimes sp\u00e9ciaux de retraite, tout en pr\u00f4nant une n\u00e9gociation interne \u00e0 la SNCF sur certaines modalit\u00e9s, lors d&rsquo;une rencontre avec des cheminots.<\/p>\n<p>Le chef de l&rsquo;\u00c9tat s&rsquo;est rendu avec la presse dans un centre d&rsquo;entretien de la SNCF \u00e0 Saint-Denis, au nord de Paris, et il s&rsquo;est livr\u00e9 \u00e0 un dialogue impromptu avec des syndicalistes, qui l&rsquo;on vivement interpel\u00e9 sur ce projet.<\/p>\n<p>\u00ab\u00a0Avec votre r\u00e9forme des retraites, on est en train de s&rsquo;appauvrir\u00a0\u00bb, lui a ainsi d\u00e9clar\u00e9 un d\u00e9l\u00e9gu\u00e9 syndical.<\/p>\n<p>\u00ab\u00a0Je ne c\u00e8derai pas sur le passage des 37,5 ann\u00e9es \u00e0 40 ans de cotisations. En revanche, je m&rsquo;engage \u00e0 ce que personne ne perde de sa retraite en cotisant plus\u00a0\u00bb, a r\u00e9pondu Nicolas Sarkozy.<\/p>\n<p>Un d\u00e9l\u00e9gu\u00e9 de Sud-Rail lui a lanc\u00e9 : \u00ab\u00a0On n&rsquo;est pas d&rsquo;accord avec vous, je pense que c&rsquo;est la rue qui va parler\u00a0\u00bb. Le pr\u00e9sident a r\u00e9pondu : \u00ab\u00a0<strong>la rue ne fera pas plier parce que nous sommes dans une d\u00e9mocratie. Le chantage \u00e0 la rue, \u00e7a ne marchera pas<\/strong>\u00ab\u00a0.<\/p>\n<p>Le locataire de L&rsquo;\u00c9lys\u00e9e a cependant \u00e9num\u00e9r\u00e9 les points qui peuvent, selon lui, faire l&rsquo;objet d&rsquo;une discussion, mais seulement dans le cadre de la SNCF. <\/p>\n<p>Il est possible de discuter, dit-il, sur les salaires, l&#8217;emploi et la \u00ab\u00a0d\u00e9cote\u00a0\u00bb, modalit\u00e9 de la r\u00e9forme qui pr\u00e9voit que les salari\u00e9s qui partiraient en retraite avant d&rsquo;atteindre 40 ann\u00e9es de cotisation verraient le montant de leur pension baisser.<\/p>\n<p>Le projet pr\u00e9voit d&rsquo;aligner la dur\u00e9e de cotisation des r\u00e9gimes sp\u00e9ciaux de 37,5 \u00e0 40 ann\u00e9es, pour l&rsquo;ensemble des r\u00e9gimes sp\u00e9ciaux de la SNCF, la RATP, EDF et GDF notamment.<\/p>\n<p>Apr\u00e8s une gr\u00e8ve tr\u00e8s suivie le 18 octobre, les syndicats de la SNCF et de la RATP menacent d&rsquo;un nouveau mouvement reconductible \u00e0 la mi-novembre si le projet n&rsquo;est pas revu.<\/p>\n<p>Les r\u00e9gimes sp\u00e9ciaux b\u00e9n\u00e9ficient \u00e0 1,1 million de retrait\u00e9s et environ 500.000 actifs.<\/p>\n<p>Ils ne repr\u00e9sentent que 6% des pensions vers\u00e9es en France.<\/p>\n<p>Fanch<\/p>\n","protected":false},"excerpt":{"rendered":"<p>Nicolas Sarkozy affiche sa fermet\u00e9 sur le projet de r\u00e9forme des r\u00e9gimes sp\u00e9ciaux de retraite, tout en pr\u00f4nant une n\u00e9gociation interne \u00e0 la SNCF sur certaines modalit\u00e9s, lors d&rsquo;une rencontre avec des cheminots. Le chef de l&rsquo;\u00c9tat s&rsquo;est rendu avec la presse dans un centre d&rsquo;entretien de la SNCF \u00e0 Saint-Denis, au nord de Paris, [&hellip;]<\/p>\n","protected":false},"author":1,"featured_media":0,"comment_status":"closed","ping_status":"open","sticky":false,"template":"","format":"standard","meta":{"_citadela_custom_class":"","footnotes":""},"categories":[17],"tags":[],"class_list":["post-7981","post","type-post","status-publish","format-standard","hentry","category-economia"],"_links":{"self":[{"href":"https:\/\/destinationcyber.com\/index.php?rest_route=\/wp\/v2\/posts\/7981","targetHints":{"allow":["GET"]}}],"collection":[{"href":"https:\/\/destinationcyber.com\/index.php?rest_route=\/wp\/v2\/posts"}],"about":[{"href":"https:\/\/destinationcyber.com\/index.php?rest_route=\/wp\/v2\/types\/post"}],"author":[{"embeddable":true,"href":"https:\/\/destinationcyber.com\/index.php?rest_route=\/wp\/v2\/users\/1"}],"replies":[{"embeddable":true,"href":"https:\/\/destinationcyber.com\/index.php?rest_route=%2Fwp%2Fv2%2Fcomments&post=7981"}],"version-history":[{"count":0,"href":"https:\/\/destinationcyber.com\/index.php?rest_route=\/wp\/v2\/posts\/7981\/revisions"}],"wp:attachment":[{"href":"https:\/\/destinationcyber.com\/index.php?rest_route=%2Fwp%2Fv2%2Fmedia&parent=7981"}],"wp:term":[{"taxonomy":"category","embeddable":true,"href":"https:\/\/destinationcyber.com\/index.php?rest_route=%2Fwp%2Fv2%2Fcategories&post=7981"},{"taxonomy":"post_tag","embeddable":true,"href":"https:\/\/destinationcyber.com\/index.php?rest_route=%2Fwp%2Fv2%2Ftags&post=7981"}],"curies":[{"name":"wp","href":"https:\/\/api.w.org\/{rel}","templated":true}]}}