{"id":7979,"date":"2007-10-24T16:48:50","date_gmt":"2007-10-24T14:48:50","guid":{"rendered":"https:\/\/destinationcyber.com\/?p=7979"},"modified":"2007-10-24T16:48:50","modified_gmt":"2007-10-24T14:48:50","slug":"un-rapport-interne-redige-par-les-services-de-police-mettrait-en-evidence-dimportantes-erreurs-de-mesure-de-la-part-des-cinemometres-mobiles-et-fixes","status":"publish","type":"post","link":"https:\/\/destinationcyber.com\/?p=7979","title":{"rendered":"Un rapport interne r\u00e9dig\u00e9 par les services de police, mettrait en \u00e9vidence d&rsquo;importantes \u00ab erreurs de mesure \u00bb de la part des cin\u00e9mom\u00e8tres mobiles et fixes"},"content":{"rendered":"<p>Un rapport interne r\u00e9dig\u00e9 par les services de police, de gendarmerie et de m\u00e9trologie mettrait en \u00e9vidence d&rsquo;importantes \u00aberreurs de mesure\u00bb de la part des cin\u00e9mom\u00e8tres mobiles et fixes.<\/p>\n<p>Si le manque de fiabilit\u00e9 des radars y est \u00e9vident, nous exigerons la nomination d&rsquo;une commission d&rsquo;enqu\u00eate parlementaire, ainsi qu&rsquo;un moratoire sur les PV, jusqu&rsquo;\u00e0 ce que tous les radars aient \u00e9t\u00e9 v\u00e9rifi\u00e9s souligne Chritian Scholly, juriste de l&rsquo;Automobile Club.<\/p>\n<p>La note interne d\u00e9voil\u00e9e par AutoPlus ne remet pas en cause le mat\u00e9riel, mais la proc\u00e9dure d&rsquo;installation des radars embarqu\u00e9s et fixes.<\/p>\n<p>Pour qu&rsquo;une mesure soit correcte, les agents de police doivent respecter un certain nombre de r\u00e8gles d\u00e9finies dans le <a href=\"http:\/\/fr.wikipedia.org\/wiki\/Radar_automatique_en_France\">cahier des charges du constructeur<\/a>. Et encadr\u00e9es par la loi. L&rsquo;arr\u00eat\u00e9 du 7 janvier 1991 pr\u00e9cise ainsi que \u00ab l&rsquo;installation des cin\u00e9mom\u00e8tres \u00e0 poste fixe doit \u00eatre r\u00e9alisable au moyen d&rsquo;un dispositif permettant d&rsquo;ajuster l&rsquo;angle de l&rsquo;axe du lobe principal d&rsquo;\u00e9mission par rapport \u00e0 l&rsquo;axe de la route. Ce dispositif doit avoir une pr\u00e9cision d&rsquo;au moins un demi-degr\u00e9 d&rsquo;angle \u00bb.<\/p>\n<p>Cette exigence est primordiale. De la position du radar par rapport \u00e0 la route d\u00e9pend la justesse des mesures. Un seul degr\u00e9 d&rsquo;\u00e9cart peut majorer la prise de vitesse de 5 %. Or, le rapport pointe du doigt les lacunes des proc\u00e9dures d&rsquo;installation : \u00ab Aucune attestation d&rsquo;agent asserment\u00e9 de l&rsquo;Etat vise \u00e0 prouver que [&#8230;] l&rsquo;angle de 25\u00b0 pr\u00e9vu par le constructeur (&#8230;) est bien respect\u00e9. \u00bb<\/p>\n<p>Selon AutoPlus, un radar positionn\u00e9 sur une autoroute limit\u00e9e \u00e0 130 km\/h, avec un positionnement de 22\u00b0 par rapport \u00e0 la route, <a href=\"http:\/\/www.radars-mobiles.fr\/connaitre\/tolerance-radar.php\">se d\u00e9clencherait d\u00e8s 121 km\/h<\/a> (et non pas \u00e0 136 km\/h comme le pr\u00e9voit son seuil de d\u00e9clenchement).<\/p>\n<p>Reste \u00e0 savoir si l&rsquo;existence de cette note permettra aux automobilistes flash\u00e9s d&rsquo;entamer un recours devant les tribunaux pour contester leurs PV.<\/p>\n<p>Fanch<\/p>\n","protected":false},"excerpt":{"rendered":"<p>Un rapport interne r\u00e9dig\u00e9 par les services de police, de gendarmerie et de m\u00e9trologie mettrait en \u00e9vidence d&rsquo;importantes \u00aberreurs de mesure\u00bb de la part des cin\u00e9mom\u00e8tres mobiles et fixes. Si le manque de fiabilit\u00e9 des radars y est \u00e9vident, nous exigerons la nomination d&rsquo;une commission d&rsquo;enqu\u00eate parlementaire, ainsi qu&rsquo;un moratoire sur les PV, jusqu&rsquo;\u00e0 ce [&hellip;]<\/p>\n","protected":false},"author":1,"featured_media":0,"comment_status":"closed","ping_status":"open","sticky":false,"template":"","format":"standard","meta":{"_citadela_custom_class":"","footnotes":""},"categories":[17],"tags":[],"class_list":["post-7979","post","type-post","status-publish","format-standard","hentry","category-economia"],"_links":{"self":[{"href":"https:\/\/destinationcyber.com\/index.php?rest_route=\/wp\/v2\/posts\/7979","targetHints":{"allow":["GET"]}}],"collection":[{"href":"https:\/\/destinationcyber.com\/index.php?rest_route=\/wp\/v2\/posts"}],"about":[{"href":"https:\/\/destinationcyber.com\/index.php?rest_route=\/wp\/v2\/types\/post"}],"author":[{"embeddable":true,"href":"https:\/\/destinationcyber.com\/index.php?rest_route=\/wp\/v2\/users\/1"}],"replies":[{"embeddable":true,"href":"https:\/\/destinationcyber.com\/index.php?rest_route=%2Fwp%2Fv2%2Fcomments&post=7979"}],"version-history":[{"count":0,"href":"https:\/\/destinationcyber.com\/index.php?rest_route=\/wp\/v2\/posts\/7979\/revisions"}],"wp:attachment":[{"href":"https:\/\/destinationcyber.com\/index.php?rest_route=%2Fwp%2Fv2%2Fmedia&parent=7979"}],"wp:term":[{"taxonomy":"category","embeddable":true,"href":"https:\/\/destinationcyber.com\/index.php?rest_route=%2Fwp%2Fv2%2Fcategories&post=7979"},{"taxonomy":"post_tag","embeddable":true,"href":"https:\/\/destinationcyber.com\/index.php?rest_route=%2Fwp%2Fv2%2Ftags&post=7979"}],"curies":[{"name":"wp","href":"https:\/\/api.w.org\/{rel}","templated":true}]}}