{"id":7973,"date":"2007-10-22T22:39:21","date_gmt":"2007-10-22T20:39:21","guid":{"rendered":"https:\/\/destinationcyber.com\/?p=7973"},"modified":"2007-10-22T22:39:21","modified_gmt":"2007-10-22T20:39:21","slug":"quattendons-nous-pour-porter-plainte-contre-les-syndicats-de-fonctionnaires","status":"publish","type":"post","link":"https:\/\/destinationcyber.com\/?p=7973","title":{"rendered":"Qu&rsquo;attendons-nous pour porter plainte contre les syndicats de fonctionnaires ?"},"content":{"rendered":"<p>Qu&rsquo;attendons-nous pour porter plainte contre les syndicats de fonctionnaires ?<\/p>\n<p>Ils nous prennent vraiment pour des moins que rien ces nantis de fonctionnaires ? <\/p>\n<p>Et moi qui croyais que la fonction publique est au service des habitants de cette belle France.<\/p>\n<p>Pendant presque vingt ans, j&rsquo;ai \u00e9t\u00e9 dans la grande muette, vous savez ceux qui ne sont pas fonctionnaires, les laiss\u00e9s pour compte de l&rsquo;\u00c9tat.<\/p>\n<p>Bref a chaque fois qu&rsquo;il fallait d\u00e9graisser le mammouth ou les autres corps d&rsquo;\u00e9tats tous aussi \u00e9l\u00e9phantesques, ces putains de syndicats ont toujours trouv\u00e9 un bouc \u00e9missaire et un exutoire, l&rsquo;arm\u00e9e. \u00c0 chaque fois pour nous, ce ne fut que charrettes interminables, ces salopards ont jet\u00e9 dans la pr\u00e9carit\u00e9 d&rsquo;autres fonctionnaires en les faisant mettre dehors \u00e0 leurs places. <\/p>\n<p>Nous nous n&rsquo;avons pas le droit de gr\u00e8ve bien qu&rsquo;inscrit dans la Constitution. Et c&rsquo;est tant mieux, un fonctionnaire n&rsquo;a qu&rsquo;un seul droit, fermer sa grande gueule, mettre le nez dans le guidon et bosser dur pour les Fran\u00e7ais, et non pas comme ces nantis, qui au moins pet de travers se mettent en gr\u00e8ve. <\/p>\n<p>FAIGNANTS VA !!<\/p>\n<p>Fanch (ancien de la grande muette, d\u00e9gag\u00e9 des cadres (en retraite))<\/p>\n<p>Les f\u00e9d\u00e9rations de cheminots lancent un ultimatum au gouvernement.<br \/>\nElles ont pr\u00e9venu lundi soir qu&rsquo;elles \u00e9taient pr\u00eates \u00e0 engager un mouvement de gr\u00e8ve reconductible \u00e0 la SNCF si le projet de r\u00e9forme des r\u00e9gimes sp\u00e9ciaux de retraite n&rsquo;est pas modifi\u00e9, a-t-on appris lundi de source syndicale.<\/p>\n<p>R\u00e9unies au si\u00e8ge de la CGT \u00e0 Montreuil (Seine-Saint-Denis) lundi apr\u00e8s-midi, les huit f\u00e9d\u00e9rations de cheminots ont r\u00e9ussi \u00e0 adopter une position commune au terme de pr\u00e8s de quatre heures de discussion.<\/p>\n<p>Lors d&rsquo;une conf\u00e9rence de presse \u00e0 l&rsquo;issue de cette r\u00e9union, les syndicats ont indiqu\u00e9 qu&rsquo;ils se rendront bien aux consultations avec le ministre du Travail Xavier Bertrand entre mercredi et vendredi prochain.<\/p>\n<p>\u00ab\u00a0A cette occasion, dans le cas o\u00f9 le gouvernement ne reverrait pas sa copie, nos f\u00e9d\u00e9rations en appelleraient \u00e0 nouveau \u00e0 la mobilisation des cheminots, y compris pour engager un mouvement de gr\u00e8ve reconductible \u00e0 la mi-novembre 2007\u00a0\u00bb, pr\u00e9viennent les syndicats dans leur courrier.<\/p>\n<p>Pour sa part, avant de recevoir les syndicats en fin de semaine, Xavier Bertrand rencontrait lundi apr\u00e8s-midi les directions de la SNCF, de la RATP, d&rsquo;EADS et de GDF, pour discuter des n\u00e9gociations \u00e0 venir dans ces entreprises sur la r\u00e9forme des r\u00e9gimes sp\u00e9ciaux de retraite.<\/p>\n<p>A la SNCF, la porte semble ferm\u00e9e du cot\u00e9 syndical le temps que le projet d\u00e9finitif du gouvernement soit pr\u00e9sent\u00e9.<\/p>\n<p>Seule la F\u00e9d\u00e9ration g\u00e9n\u00e9rale autonome des agents de conduite (FGAAC) a engag\u00e9 des n\u00e9gociations d\u00e8s le 18 octobre au soir, une position qu&rsquo;avaient alors d\u00e9nonc\u00e9e les autres f\u00e9d\u00e9rations.<\/p>\n<p>Fanch<\/p>\n","protected":false},"excerpt":{"rendered":"<p>Qu&rsquo;attendons-nous pour porter plainte contre les syndicats de fonctionnaires ? Ils nous prennent vraiment pour des moins que rien ces nantis de fonctionnaires ? Et moi qui croyais que la fonction publique est au service des habitants de cette belle France. Pendant presque vingt ans, j&rsquo;ai \u00e9t\u00e9 dans la grande muette, vous savez ceux qui [&hellip;]<\/p>\n","protected":false},"author":1,"featured_media":0,"comment_status":"closed","ping_status":"open","sticky":false,"template":"","format":"standard","meta":{"_citadela_custom_class":"","footnotes":""},"categories":[16],"tags":[],"class_list":["post-7973","post","type-post","status-publish","format-standard","hentry","category-bricabrac"],"_links":{"self":[{"href":"https:\/\/destinationcyber.com\/index.php?rest_route=\/wp\/v2\/posts\/7973","targetHints":{"allow":["GET"]}}],"collection":[{"href":"https:\/\/destinationcyber.com\/index.php?rest_route=\/wp\/v2\/posts"}],"about":[{"href":"https:\/\/destinationcyber.com\/index.php?rest_route=\/wp\/v2\/types\/post"}],"author":[{"embeddable":true,"href":"https:\/\/destinationcyber.com\/index.php?rest_route=\/wp\/v2\/users\/1"}],"replies":[{"embeddable":true,"href":"https:\/\/destinationcyber.com\/index.php?rest_route=%2Fwp%2Fv2%2Fcomments&post=7973"}],"version-history":[{"count":0,"href":"https:\/\/destinationcyber.com\/index.php?rest_route=\/wp\/v2\/posts\/7973\/revisions"}],"wp:attachment":[{"href":"https:\/\/destinationcyber.com\/index.php?rest_route=%2Fwp%2Fv2%2Fmedia&parent=7973"}],"wp:term":[{"taxonomy":"category","embeddable":true,"href":"https:\/\/destinationcyber.com\/index.php?rest_route=%2Fwp%2Fv2%2Fcategories&post=7973"},{"taxonomy":"post_tag","embeddable":true,"href":"https:\/\/destinationcyber.com\/index.php?rest_route=%2Fwp%2Fv2%2Ftags&post=7973"}],"curies":[{"name":"wp","href":"https:\/\/api.w.org\/{rel}","templated":true}]}}