{"id":7967,"date":"2007-10-21T10:38:35","date_gmt":"2007-10-21T08:38:35","guid":{"rendered":"https:\/\/destinationcyber.com\/?p=7967"},"modified":"2007-10-21T10:38:35","modified_gmt":"2007-10-21T08:38:35","slug":"le-28-octobre-2007-a-3-heures-du-matin-il-sera-2-heures","status":"publish","type":"post","link":"https:\/\/destinationcyber.com\/?p=7967","title":{"rendered":"Le 28 octobre 2007 (\u00e0 3 heures du matin il sera 2 heures)"},"content":{"rendered":"<p>L&rsquo;heure d&rsquo;\u00e9t\u00e9 a \u00e9t\u00e9 institu\u00e9e en France en 1975 suite au choc p\u00e9trolier de 1974 avec l&rsquo;objectif d&rsquo;effectuer des \u00e9conomies d&rsquo;\u00e9nergie en r\u00e9duisant les besoins d&rsquo;\u00e9clairage.<\/p>\n<p>Il s&rsquo;agit principalement de faire correspondre au mieux les heures d&rsquo;activit\u00e9s avec les heures d&rsquo;ensoleillement pour limiter l&rsquo;utilisation de l&rsquo;\u00e9clairage artificiel.<\/p>\n<p>Appliqu\u00e9 au Royaume-Uni et en Irlande depuis la premi\u00e8re guerre mondiale et en Italie depuis 1966, le r\u00e9gime de l&rsquo;heure d&rsquo;\u00e9t\u00e9 a \u00e9t\u00e9 introduit dans l&rsquo;ensemble des pays de l&rsquo;Union Europ\u00e9enne au d\u00e9but des ann\u00e9es 1980.<\/p>\n<p>La directive <a href=\"http:\/\/www.industrie.gouv.fr\/energie\/developp\/econo\/pdf\/directive-heurete.pdf\">2000\/84\/CE du Parlement europ\u00e9en et du Conseil du 19 janvier 2001<\/a>, publi\u00e9e au Journal officiel des communaut\u00e9s europ\u00e9ennes n\u00b0 L31 du 2 f\u00e9vrier 2001 pr\u00e9cise le r\u00e9gime de l&rsquo;heure d&rsquo;\u00e9t\u00e9 applicable \u00e0 compter de l&rsquo;ann\u00e9e 2002 dans l&rsquo;Union europ\u00e9enne. Les dispositions de cette directive ont \u00e9t\u00e9 transpos\u00e9es en droit fran\u00e7ais par <a href=\"http:\/\/www.legifrance.gouv.fr\/WAspad\/UnTexteDeJorf?numjo=ECOI0100131A\">arr\u00eat\u00e9 du 3 avril 2001<\/a>, publi\u00e9 au Journal officiel de la R\u00e9publique fran\u00e7aise du 6 avril 2001.<\/p>\n<p>La Commission europ\u00e9enne a d\u00e9fini le calendrier fixant le d\u00e9but et la fin de la p\u00e9riode d&rsquo;heure d&rsquo;\u00e9t\u00e9 jusqu&#8217;\u00e0 2011 inclus (communications 2001\/C 35\/07 et 2006\/C 61\/02) :<\/p>\n<table>\n<tbody>\n<tr class='row_even'>\n<td><strong>Ann\u00e9e<\/em> <\/em> <\/td>\n<td> <strong>Passage \u00e0 l&rsquo;heure d&rsquo;\u00e9t\u00e9<\/strong>  <\/td>\n<td> <strong>Passage \u00e0 l&rsquo;heure d&rsquo;hiver<\/strong><\/td>\n<\/tr>\n<tr class='row_odd'>\n<td>2007 \t<\/td>\n<td>25 mars<br \/>\n(\u00e0 2 heures du matin il sera 3 heures) \t<\/td>\n<td>28 octobre<br \/>\n(\u00e0 3 heures du matin il sera 2 heures)<\/td>\n<\/tr>\n<tr class='row_even'>\n<td>2008 \t<\/td>\n<td>30 mars<br \/>\n(\u00e0 2 heures du matin il sera 3 heures) \t<\/td>\n<td>26 octobre<br \/>\n(\u00e0 3 heures du matin il sera 2 heures)<\/td>\n<\/tr>\n<tr class='row_odd'>\n<td>2009 \t<\/td>\n<td>29 mars<br \/>\n(\u00e0 2 heures du matin il sera 3 heures) <\/td>\n<td>25 octobre<br \/>\n(\u00e0 3 heures du matin il sera 2 heures)<\/td>\n<\/tr>\n<tr class='row_even'>\n<td>2010 \t<\/td>\n<td>28 mars<br \/>\n(\u00e0 2 heures du matin il sera 3 heures) \t<\/td>\n<td>31 octobre<br \/>\n(\u00e0 3 heures du matin il sera 2 heures)<\/td>\n<\/tr>\n<tr class='row_odd'>\n<td>2011 \t<\/td>\n<td>27 mars<br \/>\n(\u00e0 2 heures du matin il sera 3 heures) \t<\/td>\n<td>30 octobre<br \/>\n(\u00e0 3 heures du matin il sera 2 heures)<\/td>\n<\/tr>\n<\/tbody>\n<\/table>\n<p>Fanch<\/p>\n","protected":false},"excerpt":{"rendered":"<p>L&rsquo;heure d&rsquo;\u00e9t\u00e9 a \u00e9t\u00e9 institu\u00e9e en France en 1975 suite au choc p\u00e9trolier de 1974 avec l&rsquo;objectif d&rsquo;effectuer des \u00e9conomies d&rsquo;\u00e9nergie en r\u00e9duisant les besoins d&rsquo;\u00e9clairage. Il s&rsquo;agit principalement de faire correspondre au mieux les heures d&rsquo;activit\u00e9s avec les heures d&rsquo;ensoleillement pour limiter l&rsquo;utilisation de l&rsquo;\u00e9clairage artificiel. Appliqu\u00e9 au Royaume-Uni et en Irlande depuis la [&hellip;]<\/p>\n","protected":false},"author":1,"featured_media":0,"comment_status":"closed","ping_status":"open","sticky":false,"template":"","format":"standard","meta":{"_citadela_custom_class":"","footnotes":""},"categories":[16],"tags":[],"class_list":["post-7967","post","type-post","status-publish","format-standard","hentry","category-bricabrac"],"_links":{"self":[{"href":"https:\/\/destinationcyber.com\/index.php?rest_route=\/wp\/v2\/posts\/7967","targetHints":{"allow":["GET"]}}],"collection":[{"href":"https:\/\/destinationcyber.com\/index.php?rest_route=\/wp\/v2\/posts"}],"about":[{"href":"https:\/\/destinationcyber.com\/index.php?rest_route=\/wp\/v2\/types\/post"}],"author":[{"embeddable":true,"href":"https:\/\/destinationcyber.com\/index.php?rest_route=\/wp\/v2\/users\/1"}],"replies":[{"embeddable":true,"href":"https:\/\/destinationcyber.com\/index.php?rest_route=%2Fwp%2Fv2%2Fcomments&post=7967"}],"version-history":[{"count":0,"href":"https:\/\/destinationcyber.com\/index.php?rest_route=\/wp\/v2\/posts\/7967\/revisions"}],"wp:attachment":[{"href":"https:\/\/destinationcyber.com\/index.php?rest_route=%2Fwp%2Fv2%2Fmedia&parent=7967"}],"wp:term":[{"taxonomy":"category","embeddable":true,"href":"https:\/\/destinationcyber.com\/index.php?rest_route=%2Fwp%2Fv2%2Fcategories&post=7967"},{"taxonomy":"post_tag","embeddable":true,"href":"https:\/\/destinationcyber.com\/index.php?rest_route=%2Fwp%2Fv2%2Ftags&post=7967"}],"curies":[{"name":"wp","href":"https:\/\/api.w.org\/{rel}","templated":true}]}}