{"id":7884,"date":"2007-09-17T22:47:21","date_gmt":"2007-09-17T20:47:21","guid":{"rendered":"https:\/\/destinationcyber.com\/?p=7884"},"modified":"2007-09-17T22:47:21","modified_gmt":"2007-09-17T20:47:21","slug":"la-cour-de-justice-des-communautes-europeennes-vient-de-confirmer-la-condamnation-du-geant-de-linformatique","status":"publish","type":"post","link":"https:\/\/destinationcyber.com\/?p=7884","title":{"rendered":"La Cour de justice des communaut\u00e9s europ\u00e9ennes vient de confirmer la condamnation du g\u00e9ant de l&rsquo;informatique"},"content":{"rendered":"<p>La saisie de la Cour de justice des communaut\u00e9s europ\u00e9ennes n&rsquo;aura pas \u00e9t\u00e9 d&rsquo;un grand secours \u00e0 Microsoft.<\/p>\n<p>L&rsquo;institution vient de confirmer la condamnation du g\u00e9ant de l&rsquo;informatique.<\/p>\n<p>En 2004, la Commission europ\u00e9enne \u00e9pinglait l&rsquo;\u00e9diteur pour abus de position dominante.<\/p>\n<p>Elle lui reprochait de profiter de son quasi-monopole sur le march\u00e9 des syst\u00e8mes d&rsquo;exploitation pour imposer son lecteur Windows Media et ses logiciels pour serveur de groupe, au d\u00e9triment de la concurrence.<\/p>\n<p>Elle infligeait alors \u00e0 Microsoft une amende historique de 497 millions d&rsquo;euros et une s\u00e9rie de mesures destin\u00e9es \u00e0 corriger cette situation abusive.<\/p>\n<p>Le tribunal de premi\u00e8re instance a confirm\u00e9 l&rsquo;ensemble de ces d\u00e9cisions.<\/p>\n<p>Aussit\u00f4t, ce jugement tr\u00e8s attendu a \u00e9t\u00e9 salu\u00e9 par le pr\u00e9sident de la Commission europ\u00e9enne.<\/p>\n<p>Pour Jos\u00e9 Manuel Barroso, il \u00abconfirme l&rsquo;objectivit\u00e9 et la cr\u00e9dibilit\u00e9\u00bb des instances antitrust europ\u00e9ennes.<\/p>\n<p>Nellie Kroes, membre de la Commission charg\u00e9e de la concurrence, y voit l&rsquo;occasion de rappeler Microsoft \u00e0 ses obligations : l&rsquo;\u00e9diteur doit \u00abse conformer pleinement\u00bb \u00e0 la sentence rendue en 2004 et \u00abassumer enti\u00e8rement ses obligations juridiques ainsi que s&rsquo;abstenir de tout comportement anticoncurrentiel\u00bb.<\/p>\n<p>Depuis cette condamnation, on assiste en effet \u00e0 un v\u00e9ritable bras de fer entre le g\u00e9ant de l&rsquo;informatique et les instances europ\u00e9ennes sur la r\u00e9elle application des mesures correctives qui lui sont impos\u00e9es.<\/p>\n<p>Du c\u00f4t\u00e9 de Microsoft, on consid\u00e8re r\u00e9pondre depuis longtemps aux conditions exig\u00e9es par la Commission europ\u00e9enne.<\/p>\n<p>Sur l&rsquo;ouverture de l&rsquo;interface de la version serveur de Windows, Microsoft et la Commission europ\u00e9enne ne sont pas tomb\u00e9s d&rsquo;accord non plus.<\/p>\n<p>L&rsquo;\u00e9diteur estime qu&rsquo;il a fait le n\u00e9cessaire en livrant certains \u00e9l\u00e9ments de code source \u00e0 ses concurrents pour permettre une meilleure interop\u00e9rabilit\u00e9 de leurs logiciels serveur avec le syst\u00e8me d&rsquo;exploitation Windows.<\/p>\n<p>Brad Smith juge d&rsquo;ailleurs ce dernier \u00abouvert et transparent\u00bb.<\/p>\n<p>Malgr\u00e9 tout, les concurrents de Microsoft se disent satisfaits de la d\u00e9cision de justice.<\/p>\n<p>Fanch<\/p>\n","protected":false},"excerpt":{"rendered":"<p>La saisie de la Cour de justice des communaut\u00e9s europ\u00e9ennes n&rsquo;aura pas \u00e9t\u00e9 d&rsquo;un grand secours \u00e0 Microsoft. L&rsquo;institution vient de confirmer la condamnation du g\u00e9ant de l&rsquo;informatique. En 2004, la Commission europ\u00e9enne \u00e9pinglait l&rsquo;\u00e9diteur pour abus de position dominante. Elle lui reprochait de profiter de son quasi-monopole sur le march\u00e9 des syst\u00e8mes d&rsquo;exploitation pour [&hellip;]<\/p>\n","protected":false},"author":1,"featured_media":0,"comment_status":"closed","ping_status":"open","sticky":false,"template":"","format":"standard","meta":{"_citadela_custom_class":"","footnotes":""},"categories":[19],"tags":[],"class_list":["post-7884","post","type-post","status-publish","format-standard","hentry","category-e-droit"],"_links":{"self":[{"href":"https:\/\/destinationcyber.com\/index.php?rest_route=\/wp\/v2\/posts\/7884","targetHints":{"allow":["GET"]}}],"collection":[{"href":"https:\/\/destinationcyber.com\/index.php?rest_route=\/wp\/v2\/posts"}],"about":[{"href":"https:\/\/destinationcyber.com\/index.php?rest_route=\/wp\/v2\/types\/post"}],"author":[{"embeddable":true,"href":"https:\/\/destinationcyber.com\/index.php?rest_route=\/wp\/v2\/users\/1"}],"replies":[{"embeddable":true,"href":"https:\/\/destinationcyber.com\/index.php?rest_route=%2Fwp%2Fv2%2Fcomments&post=7884"}],"version-history":[{"count":0,"href":"https:\/\/destinationcyber.com\/index.php?rest_route=\/wp\/v2\/posts\/7884\/revisions"}],"wp:attachment":[{"href":"https:\/\/destinationcyber.com\/index.php?rest_route=%2Fwp%2Fv2%2Fmedia&parent=7884"}],"wp:term":[{"taxonomy":"category","embeddable":true,"href":"https:\/\/destinationcyber.com\/index.php?rest_route=%2Fwp%2Fv2%2Fcategories&post=7884"},{"taxonomy":"post_tag","embeddable":true,"href":"https:\/\/destinationcyber.com\/index.php?rest_route=%2Fwp%2Fv2%2Ftags&post=7884"}],"curies":[{"name":"wp","href":"https:\/\/api.w.org\/{rel}","templated":true}]}}