{"id":7851,"date":"2007-09-05T22:44:48","date_gmt":"2007-09-05T20:44:48","guid":{"rendered":"https:\/\/destinationcyber.com\/?p=7851"},"modified":"2007-09-05T22:44:48","modified_gmt":"2007-09-05T20:44:48","slug":"la-lutte-contre-le-piratage-va-sintensifier","status":"publish","type":"post","link":"https:\/\/destinationcyber.com\/?p=7851","title":{"rendered":"La lutte contre le piratage va s&rsquo;intensifier"},"content":{"rendered":"<p>Il y avait la foule des grands jours ce mercredi 5 septembre dans les salons du minist\u00e8re de la Culture pour assister aux d\u00e9buts officiels de la mission confi\u00e9e par le gouvernement \u00e0 Denis Olivennes, PDG de la Fnac.<\/p>\n<p>Devant un parterre de journalistes et de personnalit\u00e9s de l&rsquo;industrie culturelle, celui-ci a \u00e9t\u00e9 solennellement mandat\u00e9 pour \u00e9tudier les moyens de lutte contre le t\u00e9l\u00e9chargement illicite sur Internet et pour d\u00e9velopper l&rsquo;offre l\u00e9gale de musique et de cin\u00e9ma.<\/p>\n<p>Selon Christine Albanel, ministre de la Culture, il s&rsquo;agit de montrer \u00abla volont\u00e9 politique au plus haut niveau\u00bb de reprendre l&rsquo;initiative sur la lutte contre le piratage en ligne et de d\u00e9fendre des industries culturelles fragilis\u00e9es.<\/p>\n<p>C\u00f4t\u00e9 r\u00e9pression, il s&rsquo;agira de voir si la loi sur les droits d&rsquo;auteur (dite DADVSI) doit \u00eatre \u00e9ventuellement compl\u00e9t\u00e9e par de nouvelles dispositions l\u00e9gales.<\/p>\n<p>On se rappelle que le Conseil constitutionnel avait supprim\u00e9 de la loi DADVSI le syst\u00e8me de contraventions en cas de t\u00e9l\u00e9chargement ill\u00e9gal, ainsi que le m\u00e9canisme de la riposte gradu\u00e9e (un avertissement pour commencer, des poursuites en cas de r\u00e9cidive).<\/p>\n<p>Fanch<\/p>\n","protected":false},"excerpt":{"rendered":"<p>Il y avait la foule des grands jours ce mercredi 5 septembre dans les salons du minist\u00e8re de la Culture pour assister aux d\u00e9buts officiels de la mission confi\u00e9e par le gouvernement \u00e0 Denis Olivennes, PDG de la Fnac. Devant un parterre de journalistes et de personnalit\u00e9s de l&rsquo;industrie culturelle, celui-ci a \u00e9t\u00e9 solennellement mandat\u00e9 [&hellip;]<\/p>\n","protected":false},"author":1,"featured_media":0,"comment_status":"closed","ping_status":"open","sticky":false,"template":"","format":"standard","meta":{"_citadela_custom_class":"","footnotes":""},"categories":[13],"tags":[],"class_list":["post-7851","post","type-post","status-publish","format-standard","hentry","category-hackers"],"_links":{"self":[{"href":"https:\/\/destinationcyber.com\/index.php?rest_route=\/wp\/v2\/posts\/7851","targetHints":{"allow":["GET"]}}],"collection":[{"href":"https:\/\/destinationcyber.com\/index.php?rest_route=\/wp\/v2\/posts"}],"about":[{"href":"https:\/\/destinationcyber.com\/index.php?rest_route=\/wp\/v2\/types\/post"}],"author":[{"embeddable":true,"href":"https:\/\/destinationcyber.com\/index.php?rest_route=\/wp\/v2\/users\/1"}],"replies":[{"embeddable":true,"href":"https:\/\/destinationcyber.com\/index.php?rest_route=%2Fwp%2Fv2%2Fcomments&post=7851"}],"version-history":[{"count":0,"href":"https:\/\/destinationcyber.com\/index.php?rest_route=\/wp\/v2\/posts\/7851\/revisions"}],"wp:attachment":[{"href":"https:\/\/destinationcyber.com\/index.php?rest_route=%2Fwp%2Fv2%2Fmedia&parent=7851"}],"wp:term":[{"taxonomy":"category","embeddable":true,"href":"https:\/\/destinationcyber.com\/index.php?rest_route=%2Fwp%2Fv2%2Fcategories&post=7851"},{"taxonomy":"post_tag","embeddable":true,"href":"https:\/\/destinationcyber.com\/index.php?rest_route=%2Fwp%2Fv2%2Ftags&post=7851"}],"curies":[{"name":"wp","href":"https:\/\/api.w.org\/{rel}","templated":true}]}}