{"id":7800,"date":"2007-08-13T14:42:16","date_gmt":"2007-08-13T12:42:16","guid":{"rendered":"https:\/\/destinationcyber.com\/?p=7800"},"modified":"2007-08-13T14:42:16","modified_gmt":"2007-08-13T12:42:16","slug":"vers-la-fin-des-des-contrats-aides","status":"publish","type":"post","link":"https:\/\/destinationcyber.com\/?p=7800","title":{"rendered":"Vers la fin des des contrats aid\u00e9s"},"content":{"rendered":"<p>L&rsquo;augmentation des contrats de travail aid\u00e9s, financ\u00e9s en partie par l&rsquo;argent public, a contribu\u00e9 \u00e0 soutenir l&#8217;emploi avant les \u00e9lections, mais la p\u00e9rennit\u00e9 de ces contrats, utilis\u00e9s notamment par le monde associatif, scolaire ou social, semble compromise.<\/p>\n<p>Selon une note du minist\u00e8re de l&rsquo;Emploi du 10 ao\u00fbt, au premier trimestre 2007, l&#8217;emploi dans l&rsquo;ensemble de l&rsquo;\u00e9conomie a enregistr\u00e9 une croissance estim\u00e9e \u00e0 +158.000 postes.<\/p>\n<p>Cette performance, juste avant la pr\u00e9sidentielle, tient d&rsquo;abord \u00e0 la \u00ab\u00a0forte progression de l&#8217;emploi salari\u00e9 marchand\u00a0\u00bb (+108.000 postes) gr\u00e2ce notamment \u00e0 un rebond sans pr\u00e9c\u00e9dent depuis sept ans de l&rsquo;int\u00e9rim (+60.000 postes), souligne la Direction recherche et statistiques du minist\u00e8re (Dares).<\/p>\n<p>Mais elle tient aussi au nombre de b\u00e9n\u00e9ficiaires de contrats aid\u00e9s et de stages de formation qui a \u00ab\u00a0fortement augment\u00e9\u00a0\u00bb, selon la m\u00eame source.<\/p>\n<p>Fin mars, 238.000 ch\u00f4meurs \u00e9taient en stage (+3.000 par rapport au 4e trimestre 2006) en donn\u00e9es corrig\u00e9es des variations saisonni\u00e8res.<\/p>\n<p>578.000 personnes, dont 401.000 apprentis, avaient un emploi aid\u00e9 dans le cadre de la formation en alternance (+21.000).<\/p>\n<p>Et 317.000 \u00e9taient salari\u00e9s dans le cadre d&rsquo;un contrat aid\u00e9 du secteur non marchand (+27.000).<\/p>\n<p>Ces contrats, appel\u00e9s Contrat d&rsquo;accompagnement dans l&rsquo;Emploi (CAE) ou Contrat d&rsquo;Avenir (CAV), permettent \u00e0 une commune, une association, une \u00e9cole, une maison de retraite, d&#8217;embaucher un ch\u00f4meur \u00e0 temps partiel.<\/p>\n<p>Le salaire de ces contrats aid\u00e9s est pris en charge \u00e0 75% voire 90% par l&rsquo;Etat, l&#8217;employeur largement exon\u00e9r\u00e9 de cotisations sociales.<\/p>\n<p>Le contrat ne dure souvent qu&rsquo;une ann\u00e9e scolaire.<\/p>\n<p>La droite avait tourn\u00e9 le dos \u00e0 ce type de contrats, en supprimant les emplois jeunes apr\u00e8s l&rsquo;\u00e9lection de 2002, avant d&rsquo;op\u00e9rer un virage \u00e0 180 degr\u00e9s en r\u00e9ponse \u00e0 une conjoncture tr\u00e8s d\u00e9grad\u00e9e en 2004-2005.<\/p>\n<p>La ministre de l&rsquo;Economie et de l&rsquo;Emploi, Christine Lagarde, a estim\u00e9 en juillet que ceux-ci n&rsquo;\u00e9taient \u00ab\u00a0pas la panac\u00e9e\u00a0\u00bb et \u00e9voqu\u00e9 un \u00ab\u00a0ajustement\u00a0\u00bb.<\/p>\n<p>Environ 400.000 entr\u00e9es en contrats aid\u00e9s \u00e9taient pr\u00e9vues cette ann\u00e9e, dont 310.000 pour le secteur non marchand (associations, fondations..).<\/p>\n<p>Fanch<\/p>\n","protected":false},"excerpt":{"rendered":"<p>L&rsquo;augmentation des contrats de travail aid\u00e9s, financ\u00e9s en partie par l&rsquo;argent public, a contribu\u00e9 \u00e0 soutenir l&#8217;emploi avant les \u00e9lections, mais la p\u00e9rennit\u00e9 de ces contrats, utilis\u00e9s notamment par le monde associatif, scolaire ou social, semble compromise. Selon une note du minist\u00e8re de l&rsquo;Emploi du 10 ao\u00fbt, au premier trimestre 2007, l&#8217;emploi dans l&rsquo;ensemble de [&hellip;]<\/p>\n","protected":false},"author":1,"featured_media":0,"comment_status":"closed","ping_status":"open","sticky":false,"template":"","format":"standard","meta":{"_citadela_custom_class":"","footnotes":""},"categories":[17],"tags":[],"class_list":["post-7800","post","type-post","status-publish","format-standard","hentry","category-economia"],"_links":{"self":[{"href":"https:\/\/destinationcyber.com\/index.php?rest_route=\/wp\/v2\/posts\/7800","targetHints":{"allow":["GET"]}}],"collection":[{"href":"https:\/\/destinationcyber.com\/index.php?rest_route=\/wp\/v2\/posts"}],"about":[{"href":"https:\/\/destinationcyber.com\/index.php?rest_route=\/wp\/v2\/types\/post"}],"author":[{"embeddable":true,"href":"https:\/\/destinationcyber.com\/index.php?rest_route=\/wp\/v2\/users\/1"}],"replies":[{"embeddable":true,"href":"https:\/\/destinationcyber.com\/index.php?rest_route=%2Fwp%2Fv2%2Fcomments&post=7800"}],"version-history":[{"count":0,"href":"https:\/\/destinationcyber.com\/index.php?rest_route=\/wp\/v2\/posts\/7800\/revisions"}],"wp:attachment":[{"href":"https:\/\/destinationcyber.com\/index.php?rest_route=%2Fwp%2Fv2%2Fmedia&parent=7800"}],"wp:term":[{"taxonomy":"category","embeddable":true,"href":"https:\/\/destinationcyber.com\/index.php?rest_route=%2Fwp%2Fv2%2Fcategories&post=7800"},{"taxonomy":"post_tag","embeddable":true,"href":"https:\/\/destinationcyber.com\/index.php?rest_route=%2Fwp%2Fv2%2Ftags&post=7800"}],"curies":[{"name":"wp","href":"https:\/\/api.w.org\/{rel}","templated":true}]}}