{"id":7740,"date":"2007-07-27T23:44:20","date_gmt":"2007-07-27T21:44:20","guid":{"rendered":"https:\/\/destinationcyber.com\/?p=7740"},"modified":"2007-07-27T23:44:20","modified_gmt":"2007-07-27T21:44:20","slug":"bruxelles-accuse-intel-de-pratiques-deloyales-face-a-amd","status":"publish","type":"post","link":"https:\/\/destinationcyber.com\/?p=7740","title":{"rendered":"Bruxelles accuse Intel de pratiques d\u00e9loyales face \u00e0 AMD"},"content":{"rendered":"<p>La Commission europ\u00e9enne estime que le g\u00e9ant mondial des semi-conducteurs, l&rsquo;am\u00e9ricain Intel, a pratiqu\u00e9 des prix d\u00e9fiant toute concurrence et accord\u00e9 des remises consid\u00e9rables dans le but de distancer son rival Advanced Micro Devices.<\/p>\n<p>Bruxelles avait mis en cause formellement la soci\u00e9t\u00e9 jeudi, l&rsquo;accusant de pratiques ill\u00e9gales \u00e0 l&rsquo;encontre d&rsquo;AMD sur le march\u00e9 des processeurs centraux d&rsquo;ordinateurs (CPU).<\/p>\n<p>\u00ab\u00a0Les ristournes propos\u00e9es par Intel ont port\u00e9 sur de telles quantit\u00e9s et atteint de tels montants qu&rsquo;un concurrent, qui se voulait efficace, se retrouvait forc\u00e9ment dans l&rsquo;obligation de proposer un produit au prix inf\u00e9rieur \u00e0 son co\u00fbt de revient\u00a0\u00bb, a d\u00e9clar\u00e9 vendredi Ton Van Lierop, porte-parole de la Commission europ\u00e9enne.<\/p>\n<p>\u00ab\u00a0Nous pensons que (ces pratiques) sont mauvaises pour la concurrence et mauvaises pour le consommateur\u00a0\u00bb, a-t-il ajout\u00e9.<\/p>\n<p>Le directeur juridique d&rsquo;Intel a reproch\u00e9 aux autorit\u00e9s antitrust de l&rsquo;Union des erreurs factuelles dans ces accusations.<\/p>\n<p>\u00ab\u00a0Nous sommes s\u00fbrs que le march\u00e9 des semi-conducteurs fonctionne normalement et que la conduite d&rsquo;Intel a \u00e9t\u00e9 respectueuse de la loi, tourn\u00e9e vers la comp\u00e9tition, et b\u00e9n\u00e9fique pour les consommateurs\u00a0\u00bb, a r\u00e9agi Bruce Sewell, principal conseiller juridique d&rsquo;Intel.<\/p>\n<p>Bruxelles a adress\u00e9 au groupe am\u00e9ricain un \u00ab\u00a0communiqu\u00e9 des griefs\u00a0\u00bb qui pourrait valoir \u00e0 l&rsquo;incrimin\u00e9 des amendes atteignant jusqu&rsquo;\u00e0 10% de son chiffre d&rsquo;affaires annuel.<\/p>\n<p>Le groupe aurait enfin plac\u00e9 ses processeurs \u00e0 des prix inf\u00e9rieurs \u00e0 ses co\u00fbts de revient aupr\u00e8s de certains gouvernements et de certaines institutions dans l&rsquo;\u00e9ducation.<\/p>\n<p>\u00ab\u00a0Je peux vous dire qu&rsquo;apr\u00e8s avoir lu le (communiqu\u00e9 des griefs), des affirmations factuelles ont \u00e9t\u00e9 faites par la Commission qui, selon nous, sont tout simplement fausses, pas intentionnellement\u00a0\u00bb, a indiqu\u00e9 Bruce Sewell.<\/p>\n<p>Les amendes pourraient \u00eatre prononc\u00e9es si les justifications fournies par l&rsquo;entreprise sont jug\u00e9es insuffisantes mais la soci\u00e9t\u00e9 aurait la possibilit\u00e9 de faire appel.<\/p>\n<p>\u00ab\u00a0Nous estimons que ce communiqu\u00e9 des griefs va constituer un catalyseur dans l&rsquo;ouverture du march\u00e9 mondial des microprocesseurs, ce pour le b\u00e9n\u00e9fice des consommateurs et des constructeurs de PC\u00a0\u00bb, a d\u00e9clar\u00e9 Giulano Meroni, pr\u00e9sident d&rsquo;AMD pour l&rsquo;Europe, le Moyen-Orient et l&rsquo;Afrique.<\/p>\n<p>Fanch<\/p>\n","protected":false},"excerpt":{"rendered":"<p>La Commission europ\u00e9enne estime que le g\u00e9ant mondial des semi-conducteurs, l&rsquo;am\u00e9ricain Intel, a pratiqu\u00e9 des prix d\u00e9fiant toute concurrence et accord\u00e9 des remises consid\u00e9rables dans le but de distancer son rival Advanced Micro Devices. Bruxelles avait mis en cause formellement la soci\u00e9t\u00e9 jeudi, l&rsquo;accusant de pratiques ill\u00e9gales \u00e0 l&rsquo;encontre d&rsquo;AMD sur le march\u00e9 des processeurs [&hellip;]<\/p>\n","protected":false},"author":1,"featured_media":0,"comment_status":"closed","ping_status":"open","sticky":false,"template":"","format":"standard","meta":{"_citadela_custom_class":"","footnotes":""},"categories":[14],"tags":[],"class_list":["post-7740","post","type-post","status-publish","format-standard","hentry","category-matos"],"_links":{"self":[{"href":"https:\/\/destinationcyber.com\/index.php?rest_route=\/wp\/v2\/posts\/7740","targetHints":{"allow":["GET"]}}],"collection":[{"href":"https:\/\/destinationcyber.com\/index.php?rest_route=\/wp\/v2\/posts"}],"about":[{"href":"https:\/\/destinationcyber.com\/index.php?rest_route=\/wp\/v2\/types\/post"}],"author":[{"embeddable":true,"href":"https:\/\/destinationcyber.com\/index.php?rest_route=\/wp\/v2\/users\/1"}],"replies":[{"embeddable":true,"href":"https:\/\/destinationcyber.com\/index.php?rest_route=%2Fwp%2Fv2%2Fcomments&post=7740"}],"version-history":[{"count":0,"href":"https:\/\/destinationcyber.com\/index.php?rest_route=\/wp\/v2\/posts\/7740\/revisions"}],"wp:attachment":[{"href":"https:\/\/destinationcyber.com\/index.php?rest_route=%2Fwp%2Fv2%2Fmedia&parent=7740"}],"wp:term":[{"taxonomy":"category","embeddable":true,"href":"https:\/\/destinationcyber.com\/index.php?rest_route=%2Fwp%2Fv2%2Fcategories&post=7740"},{"taxonomy":"post_tag","embeddable":true,"href":"https:\/\/destinationcyber.com\/index.php?rest_route=%2Fwp%2Fv2%2Ftags&post=7740"}],"curies":[{"name":"wp","href":"https:\/\/api.w.org\/{rel}","templated":true}]}}