{"id":7736,"date":"2007-07-26T23:47:55","date_gmt":"2007-07-26T21:47:55","guid":{"rendered":"https:\/\/destinationcyber.com\/?p=7736"},"modified":"2007-07-26T23:47:55","modified_gmt":"2007-07-26T21:47:55","slug":"la-commission-europeenne-veut-recycler-les-frequences-2g-pour-la-3g","status":"publish","type":"post","link":"https:\/\/destinationcyber.com\/?p=7736","title":{"rendered":"La Commission europ\u00e9enne veut recycler les fr\u00e9quences 2G pour la 3G"},"content":{"rendered":"<p>\u00abLe spectre radio\u00e9lectrique est une ressource \u00e9conomique essentielle qui doit \u00eatre g\u00e9r\u00e9e d&rsquo;une mani\u00e8re appropri\u00e9e \u00e0 l&rsquo;\u00e9chelon europ\u00e9en afin de lib\u00e9rer le potentiel de notre secteur des t\u00e9l\u00e9coms\u00bb, a d\u00e9clar\u00e9 Mme Viviane Reding, membre de la Commission charg\u00e9e de la soci\u00e9t\u00e9 de l&rsquo;information et des m\u00e9dias.<\/p>\n<p>Les basses fr\u00e9quences, notamment celles qui sont employ\u00e9es par les t\u00e9l\u00e9phones GSM \u00e0 l&rsquo;heure actuelle, sont celles qui sont les mieux adapt\u00e9es aux r\u00e9seaux mobiles.<\/p>\n<p>\u00c0 l&rsquo;\u00e9poque, cette directive avait particip\u00e9 \u00e0 la r\u00e9ussite du GSM en Europe en attribuant certaines fr\u00e9quences radio (les bandes de fr\u00e9quence 900 et 1800 MHz) aux services GSM.<\/p>\n<p>Cette approche promeut une utilisation plus souple du spectre, ce qui est un \u00e9l\u00e9ment important de la r\u00e9forme des r\u00e8gles communautaires en mati\u00e8re de t\u00e9l\u00e9communications, comme l&rsquo;indique la communication de la Commission sur un \u00abacc\u00e8s rapide au spectre r\u00e9serv\u00e9 aux communications \u00e9lectroniques sans fil par une flexibilit\u00e9 accrue\u00bb.<\/p>\n<p>Les propositions soumises aujourd&rsquo;hui adaptent le cadre r\u00e9glementaire existant afin de faciliter le d\u00e9ploiement de communications mobiles avanc\u00e9es, contribuant ainsi \u00e0 la r\u00e9alisation des objectifs de l&rsquo;initiative i2010 qui vise \u00e0 la mise en place d&rsquo;un march\u00e9 int\u00e9rieur ouvert et concurrentiel pour la soci\u00e9t\u00e9 de l&rsquo;information et les services multim\u00e9dia dont tous les citoyens europ\u00e9ens puissent tirer b\u00e9n\u00e9fice.<\/p>\n<p>Fanch<\/p>\n","protected":false},"excerpt":{"rendered":"<p>\u00abLe spectre radio\u00e9lectrique est une ressource \u00e9conomique essentielle qui doit \u00eatre g\u00e9r\u00e9e d&rsquo;une mani\u00e8re appropri\u00e9e \u00e0 l&rsquo;\u00e9chelon europ\u00e9en afin de lib\u00e9rer le potentiel de notre secteur des t\u00e9l\u00e9coms\u00bb, a d\u00e9clar\u00e9 Mme Viviane Reding, membre de la Commission charg\u00e9e de la soci\u00e9t\u00e9 de l&rsquo;information et des m\u00e9dias. Les basses fr\u00e9quences, notamment celles qui sont employ\u00e9es par [&hellip;]<\/p>\n","protected":false},"author":1,"featured_media":0,"comment_status":"closed","ping_status":"open","sticky":false,"template":"","format":"standard","meta":{"_citadela_custom_class":"","footnotes":""},"categories":[12],"tags":[],"class_list":["post-7736","post","type-post","status-publish","format-standard","hentry","category-adsl"],"_links":{"self":[{"href":"https:\/\/destinationcyber.com\/index.php?rest_route=\/wp\/v2\/posts\/7736","targetHints":{"allow":["GET"]}}],"collection":[{"href":"https:\/\/destinationcyber.com\/index.php?rest_route=\/wp\/v2\/posts"}],"about":[{"href":"https:\/\/destinationcyber.com\/index.php?rest_route=\/wp\/v2\/types\/post"}],"author":[{"embeddable":true,"href":"https:\/\/destinationcyber.com\/index.php?rest_route=\/wp\/v2\/users\/1"}],"replies":[{"embeddable":true,"href":"https:\/\/destinationcyber.com\/index.php?rest_route=%2Fwp%2Fv2%2Fcomments&post=7736"}],"version-history":[{"count":0,"href":"https:\/\/destinationcyber.com\/index.php?rest_route=\/wp\/v2\/posts\/7736\/revisions"}],"wp:attachment":[{"href":"https:\/\/destinationcyber.com\/index.php?rest_route=%2Fwp%2Fv2%2Fmedia&parent=7736"}],"wp:term":[{"taxonomy":"category","embeddable":true,"href":"https:\/\/destinationcyber.com\/index.php?rest_route=%2Fwp%2Fv2%2Fcategories&post=7736"},{"taxonomy":"post_tag","embeddable":true,"href":"https:\/\/destinationcyber.com\/index.php?rest_route=%2Fwp%2Fv2%2Ftags&post=7736"}],"curies":[{"name":"wp","href":"https:\/\/api.w.org\/{rel}","templated":true}]}}