{"id":7733,"date":"2007-07-25T15:39:36","date_gmt":"2007-07-25T13:39:36","guid":{"rendered":"https:\/\/destinationcyber.com\/?p=7733"},"modified":"2007-07-25T15:39:36","modified_gmt":"2007-07-25T13:39:36","slug":"dans-laffaire-safran-des-minoritaires-sopposent-au-versement-dun-parachute-dore-a-jean-paul-bechat","status":"publish","type":"post","link":"https:\/\/destinationcyber.com\/?p=7733","title":{"rendered":"Dans l&rsquo;affaire Safran des minoritaires s&rsquo;opposent au versement d&rsquo;un parachute dor\u00e9 \u00e0 Jean-Paul B\u00e9chat"},"content":{"rendered":"<p>Les Arvernes, groupe d&rsquo;actionnaires minoritaires du groupe Safran refusent \u00ab\u00a0le versement de l&rsquo;indemnisation de d\u00e9part r\u00e9clam\u00e9e par M. B\u00e9chat\u00a0\u00bb l&rsquo;ancien pr\u00e9sident de l&rsquo;entreprise.<\/p>\n<p>Ces actionnaires, qui repr\u00e9sentent pr\u00e8s de 20% du capital du groupe, expriment ce refus dans un courrier, dat\u00e9 du 24 juillet 2007, adress\u00e9 \u00e0 Francis Mer, Pr\u00e9sident du conseil de surveillance de l&rsquo;entreprise de d\u00e9fense et s\u00e9curit\u00e9.<\/p>\n<p>Jean-Paul B\u00e9chat quittera, le 2 septembre, la pr\u00e9sidence du directoire du groupe issue de la fusion de Sagem et de Snecma apr\u00e8s le refus de l&rsquo;Etat de le maintenir \u00e0 son poste.<\/p>\n<p>Jeudi 19 juillet, le conseil de surveillance a nomm\u00e9 \u00e0 sa place Jean-Paul Herteman, actuel directeur g\u00e9n\u00e9ral adjoint de Safran et PDG de Sagem D\u00e9fense S\u00e9curit\u00e9.<\/p>\n<p>Plus ennuyeux pour l&rsquo;entreprise, le groupe des Arvernes s&rsquo;inqui\u00e8tent que \u00ab\u00a0des poses d&rsquo;\u00e9coutes\u00a0\u00bb auraient \u00e9t\u00e9 effectu\u00e9es par des \u00ab\u00a0officines d&rsquo;intelligence \u00e9conomique\u00a0\u00bb.<\/p>\n<p>Les Arvernes demandent que soit diligent\u00e9 une enqu\u00eate interne \u00e9tendues aux sous-traitants.<\/p>\n<p>Par ailleurs, les Arvernes demandent une \u00e9valuation des montants consacr\u00e9s en audits et en action de justice et \u00ab\u00a0les sommes provisionn\u00e9es pour faire face aux r\u00e9serves des commissaires aux comptes et \u00e0 l&rsquo;enqu\u00eate de l&rsquo;AMF\u00a0\u00bb.<\/p>\n<p>Le si\u00e8ge de l&rsquo;entreprise a re\u00e7u une visite de l&rsquo;Autorit\u00e9 des march\u00e9s financiers (AMF) \u00e0 son si\u00e8ge mardi 10 juillet 2007.<\/p>\n<p>Fanch<\/p>\n","protected":false},"excerpt":{"rendered":"<p>Les Arvernes, groupe d&rsquo;actionnaires minoritaires du groupe Safran refusent \u00ab\u00a0le versement de l&rsquo;indemnisation de d\u00e9part r\u00e9clam\u00e9e par M. B\u00e9chat\u00a0\u00bb l&rsquo;ancien pr\u00e9sident de l&rsquo;entreprise. Ces actionnaires, qui repr\u00e9sentent pr\u00e8s de 20% du capital du groupe, expriment ce refus dans un courrier, dat\u00e9 du 24 juillet 2007, adress\u00e9 \u00e0 Francis Mer, Pr\u00e9sident du conseil de surveillance de [&hellip;]<\/p>\n","protected":false},"author":1,"featured_media":0,"comment_status":"closed","ping_status":"open","sticky":false,"template":"","format":"standard","meta":{"_citadela_custom_class":"","footnotes":""},"categories":[17],"tags":[],"class_list":["post-7733","post","type-post","status-publish","format-standard","hentry","category-economia"],"_links":{"self":[{"href":"https:\/\/destinationcyber.com\/index.php?rest_route=\/wp\/v2\/posts\/7733","targetHints":{"allow":["GET"]}}],"collection":[{"href":"https:\/\/destinationcyber.com\/index.php?rest_route=\/wp\/v2\/posts"}],"about":[{"href":"https:\/\/destinationcyber.com\/index.php?rest_route=\/wp\/v2\/types\/post"}],"author":[{"embeddable":true,"href":"https:\/\/destinationcyber.com\/index.php?rest_route=\/wp\/v2\/users\/1"}],"replies":[{"embeddable":true,"href":"https:\/\/destinationcyber.com\/index.php?rest_route=%2Fwp%2Fv2%2Fcomments&post=7733"}],"version-history":[{"count":0,"href":"https:\/\/destinationcyber.com\/index.php?rest_route=\/wp\/v2\/posts\/7733\/revisions"}],"wp:attachment":[{"href":"https:\/\/destinationcyber.com\/index.php?rest_route=%2Fwp%2Fv2%2Fmedia&parent=7733"}],"wp:term":[{"taxonomy":"category","embeddable":true,"href":"https:\/\/destinationcyber.com\/index.php?rest_route=%2Fwp%2Fv2%2Fcategories&post=7733"},{"taxonomy":"post_tag","embeddable":true,"href":"https:\/\/destinationcyber.com\/index.php?rest_route=%2Fwp%2Fv2%2Ftags&post=7733"}],"curies":[{"name":"wp","href":"https:\/\/api.w.org\/{rel}","templated":true}]}}