{"id":7727,"date":"2007-07-24T19:22:34","date_gmt":"2007-07-24T17:22:34","guid":{"rendered":"https:\/\/destinationcyber.com\/?p=7727"},"modified":"2007-07-24T19:22:34","modified_gmt":"2007-07-24T17:22:34","slug":"letat-regle-sa-dette-a-legard-de-la-securite-sociale","status":"publish","type":"post","link":"https:\/\/destinationcyber.com\/?p=7727","title":{"rendered":"L&rsquo;Etat r\u00e9gle sa dette \u00e0 l&rsquo;\u00e9gard de la S\u00e9curit\u00e9 sociale"},"content":{"rendered":"<p>Le ministre des Comptes publics, Eric Woerth, annonce que \u00ab\u00a0l&rsquo;Etat transf\u00e8rera 5,1 milliards d&rsquo;euros avant octobre\u00a0\u00bb pour r\u00e9gler sa dette \u00e0 l&rsquo;\u00e9gard de la S\u00e9curit\u00e9 sociale, et qu&rsquo;il compensera d\u00e9sormais \u00ab\u00a0\u00e0 l&rsquo;euro pr\u00e8s\u00a0\u00bb les all\u00e8gements de charges, dans Le Monde dat\u00e9 de ce mercredi.<\/p>\n<p>La dette de l&rsquo;Etat vis-\u00e0-vis du r\u00e9gime g\u00e9n\u00e9ral de la \u00ab\u00a0S\u00e9cu\u00a0\u00bb atteignait 5,1 milliards d&rsquo;euros au 31 mars, avait indiqu\u00e9 en mai la Commission des comptes de la S\u00e9curit\u00e9 sociale (CCSS), qui relevait que les \u00ab\u00a0r\u00e9gularisations par l&rsquo;Etat\u00a0\u00bb d\u00e9but 2007 avaient \u00e9t\u00e9 \u00ab\u00a0beaucoup moins importantes\u00a0\u00bb qu&rsquo;en 2006.<\/p>\n<p>\u00ab\u00a0Les gestionnaires de l&rsquo;Etat doivent cesser d&rsquo;utiliser, comme cela a encore \u00e9t\u00e9 fait en 2006, les sommes destin\u00e9es \u00e0 la compensation des exon\u00e9rations pour d&rsquo;autres d\u00e9penses\u00a0\u00bb, fait-il valoir.<\/p>\n<p>Fanch<\/p>\n","protected":false},"excerpt":{"rendered":"<p>Le ministre des Comptes publics, Eric Woerth, annonce que \u00ab\u00a0l&rsquo;Etat transf\u00e8rera 5,1 milliards d&rsquo;euros avant octobre\u00a0\u00bb pour r\u00e9gler sa dette \u00e0 l&rsquo;\u00e9gard de la S\u00e9curit\u00e9 sociale, et qu&rsquo;il compensera d\u00e9sormais \u00ab\u00a0\u00e0 l&rsquo;euro pr\u00e8s\u00a0\u00bb les all\u00e8gements de charges, dans Le Monde dat\u00e9 de ce mercredi. La dette de l&rsquo;Etat vis-\u00e0-vis du r\u00e9gime g\u00e9n\u00e9ral de la \u00ab\u00a0S\u00e9cu\u00a0\u00bb [&hellip;]<\/p>\n","protected":false},"author":1,"featured_media":0,"comment_status":"closed","ping_status":"open","sticky":false,"template":"","format":"standard","meta":{"_citadela_custom_class":"","footnotes":""},"categories":[17],"tags":[],"class_list":["post-7727","post","type-post","status-publish","format-standard","hentry","category-economia"],"_links":{"self":[{"href":"https:\/\/destinationcyber.com\/index.php?rest_route=\/wp\/v2\/posts\/7727","targetHints":{"allow":["GET"]}}],"collection":[{"href":"https:\/\/destinationcyber.com\/index.php?rest_route=\/wp\/v2\/posts"}],"about":[{"href":"https:\/\/destinationcyber.com\/index.php?rest_route=\/wp\/v2\/types\/post"}],"author":[{"embeddable":true,"href":"https:\/\/destinationcyber.com\/index.php?rest_route=\/wp\/v2\/users\/1"}],"replies":[{"embeddable":true,"href":"https:\/\/destinationcyber.com\/index.php?rest_route=%2Fwp%2Fv2%2Fcomments&post=7727"}],"version-history":[{"count":0,"href":"https:\/\/destinationcyber.com\/index.php?rest_route=\/wp\/v2\/posts\/7727\/revisions"}],"wp:attachment":[{"href":"https:\/\/destinationcyber.com\/index.php?rest_route=%2Fwp%2Fv2%2Fmedia&parent=7727"}],"wp:term":[{"taxonomy":"category","embeddable":true,"href":"https:\/\/destinationcyber.com\/index.php?rest_route=%2Fwp%2Fv2%2Fcategories&post=7727"},{"taxonomy":"post_tag","embeddable":true,"href":"https:\/\/destinationcyber.com\/index.php?rest_route=%2Fwp%2Fv2%2Ftags&post=7727"}],"curies":[{"name":"wp","href":"https:\/\/api.w.org\/{rel}","templated":true}]}}