{"id":7707,"date":"2007-07-17T11:14:48","date_gmt":"2007-07-17T09:14:48","guid":{"rendered":"https:\/\/destinationcyber.com\/?p=7707"},"modified":"2007-07-17T11:14:48","modified_gmt":"2007-07-17T09:14:48","slug":"le-paquet-fiscal-adopte-par-lassemblee-nationale","status":"publish","type":"post","link":"https:\/\/destinationcyber.com\/?p=7707","title":{"rendered":"Le \u00ab\u00a0paquet fiscal\u00a0\u00bb adopt\u00e9 par l&rsquo;Assembl\u00e9e nationale"},"content":{"rendered":"<p>Les d\u00e9put\u00e9s ont adopt\u00e9 dans la nuit de lundi \u00e0 mardi, en premi\u00e8re lecture, le projet de loi relatif au travail, \u00e0 l&#8217;emploi et au pouvoir d&rsquo;achat (Tepa) &#8211; le \u00ab\u00a0paquet fiscal\u00a0\u00bb &#8211; que les s\u00e9nateurs examineront \u00e0 leur tour \u00e0 partir du 25 juillet.<\/p>\n<p>Le groupe UMP, qui d\u00e9tient la majorit\u00e9 absolue, et le groupe Nouveau centre (NC) ont vot\u00e9 pour.<\/p>\n<p>Les groupes Socialiste, radical et citoyen (SRC) et Gauche d\u00e9mocrate et r\u00e9publicaine (communistes et Verts), tr\u00e8s critiques, ont vot\u00e9 contre.<\/p>\n<p>Le projet de loi relatif au travail, \u00e0 l&#8217;emploi et au pouvoir d&rsquo;achat, pr\u00e9sent\u00e9 par Christine Lagarde, ministre de l&rsquo;Economie et des Finances, reprend une s\u00e9rie de mesures phares sur lesquelles Nicolas Sarkozy s&rsquo;est engag\u00e9 pendant sa campagne pr\u00e9sidentielle.<\/p>\n<p>Le projet de loi pr\u00e9voit l&rsquo;exon\u00e9ration des heures suppl\u00e9mentaires, la mise en place du RSA (revenu de solidarit\u00e9 active), l&rsquo;encadrement des \u00ab\u00a0parachutes dor\u00e9s\u00a0\u00bb, la cr\u00e9ation d&rsquo;un cr\u00e9dit d&rsquo;imp\u00f4t sur les int\u00e9r\u00eats d&#8217;emprunt immobilier, l&rsquo;abaissement du bouclier fiscal \u00e0 50% (60% actuellement) ou encore la suppression des droits de succession pour le conjoint survivant.<\/p>\n<p>Une addition \u00e9lev\u00e9e qui retarde d&rsquo;autant le retour \u00e0 l&rsquo;\u00e9quilibre des finances publiques, promis au mieux pour 2010 par le chef de l&rsquo;Etat mais plus probablement pour 2012.<\/p>\n<p>Fanch<\/p>\n","protected":false},"excerpt":{"rendered":"<p>Les d\u00e9put\u00e9s ont adopt\u00e9 dans la nuit de lundi \u00e0 mardi, en premi\u00e8re lecture, le projet de loi relatif au travail, \u00e0 l&#8217;emploi et au pouvoir d&rsquo;achat (Tepa) &#8211; le \u00ab\u00a0paquet fiscal\u00a0\u00bb &#8211; que les s\u00e9nateurs examineront \u00e0 leur tour \u00e0 partir du 25 juillet. Le groupe UMP, qui d\u00e9tient la majorit\u00e9 absolue, et le [&hellip;]<\/p>\n","protected":false},"author":1,"featured_media":0,"comment_status":"closed","ping_status":"open","sticky":false,"template":"","format":"standard","meta":{"_citadela_custom_class":"","footnotes":""},"categories":[19],"tags":[],"class_list":["post-7707","post","type-post","status-publish","format-standard","hentry","category-e-droit"],"_links":{"self":[{"href":"https:\/\/destinationcyber.com\/index.php?rest_route=\/wp\/v2\/posts\/7707","targetHints":{"allow":["GET"]}}],"collection":[{"href":"https:\/\/destinationcyber.com\/index.php?rest_route=\/wp\/v2\/posts"}],"about":[{"href":"https:\/\/destinationcyber.com\/index.php?rest_route=\/wp\/v2\/types\/post"}],"author":[{"embeddable":true,"href":"https:\/\/destinationcyber.com\/index.php?rest_route=\/wp\/v2\/users\/1"}],"replies":[{"embeddable":true,"href":"https:\/\/destinationcyber.com\/index.php?rest_route=%2Fwp%2Fv2%2Fcomments&post=7707"}],"version-history":[{"count":0,"href":"https:\/\/destinationcyber.com\/index.php?rest_route=\/wp\/v2\/posts\/7707\/revisions"}],"wp:attachment":[{"href":"https:\/\/destinationcyber.com\/index.php?rest_route=%2Fwp%2Fv2%2Fmedia&parent=7707"}],"wp:term":[{"taxonomy":"category","embeddable":true,"href":"https:\/\/destinationcyber.com\/index.php?rest_route=%2Fwp%2Fv2%2Fcategories&post=7707"},{"taxonomy":"post_tag","embeddable":true,"href":"https:\/\/destinationcyber.com\/index.php?rest_route=%2Fwp%2Fv2%2Ftags&post=7707"}],"curies":[{"name":"wp","href":"https:\/\/api.w.org\/{rel}","templated":true}]}}