{"id":7695,"date":"2007-07-12T10:15:25","date_gmt":"2007-07-12T08:15:25","guid":{"rendered":"https:\/\/destinationcyber.com\/?p=7695"},"modified":"2007-07-12T10:15:25","modified_gmt":"2007-07-12T08:15:25","slug":"le-rachat-de-tele2-par-sfr-bientot-finalise","status":"publish","type":"post","link":"https:\/\/destinationcyber.com\/?p=7695","title":{"rendered":"Le rachat de Tele2 par SFR bient\u00f4t finalis\u00e9"},"content":{"rendered":"<p>Apr\u00e8s des mois de proc\u00e9dure, SFR, filiale de Vivendi et Vodafone, devrait obtenir dans les jours \u00e0 venir le feu vert de Bruxelles pour le rachat des activit\u00e9s fixes et Internet de Tele2 France.<\/p>\n<p>Annonc\u00e9e le 3 octobre, pour un montant de 350 millions d&rsquo;euros, cette op\u00e9ration s&rsquo;est heurt\u00e9e \u00e0 de longues demandes d&rsquo;informations compl\u00e9mentaires de Bruxelles.<\/p>\n<p>En mars dernier, la Commission a en effet ouvert une enqu\u00eate de \u00abphase 2\u00bb sur le projet.<\/p>\n<p>En clair, elle s&rsquo;est lanc\u00e9e dans un examen plus d\u00e9taill\u00e9, visant en particulier \u00e0 d\u00e9terminer l&rsquo;impact de l&rsquo;op\u00e9ration sur le march\u00e9 de la t\u00e9l\u00e9vision payante.<\/p>\n<p>La Commission craignait que cette acquisition, men\u00e9e par une filiale du groupe Vivendi, \u00e9galement maison m\u00e8re du groupe Canal +, ait un impact n\u00e9gatif sur la concurrence dans le secteur de la t\u00e9l\u00e9vision payante en France.<\/p>\n<p>SFR a d\u00fb lancer fin mars sa propre \u00abbox\u00bb Internet sans b\u00e9n\u00e9ficier comme pr\u00e9vu de l&rsquo;apport des 350 000 abonn\u00e9s ADSL de Tele2, qui devaient servir de tremplin \u00e0 son lancement.<\/p>\n<p>Si Tele2 n&rsquo;a pas perdu d&rsquo;abonn\u00e9s durant tous ces mois d&rsquo;incertitudes, il n&rsquo;a pas pu b\u00e9n\u00e9ficier autant que ces concurrents de la croissance du march\u00e9 ADSL durant la p\u00e9riode.<\/p>\n<p>\u00ab C&rsquo;est Free, qui a des abonn\u00e9s au profil assez proche, qui en a profit\u00e9 \u00bb, observe un expert.<\/p>\n<p>Fanch<\/p>\n","protected":false},"excerpt":{"rendered":"<p>Apr\u00e8s des mois de proc\u00e9dure, SFR, filiale de Vivendi et Vodafone, devrait obtenir dans les jours \u00e0 venir le feu vert de Bruxelles pour le rachat des activit\u00e9s fixes et Internet de Tele2 France. Annonc\u00e9e le 3 octobre, pour un montant de 350 millions d&rsquo;euros, cette op\u00e9ration s&rsquo;est heurt\u00e9e \u00e0 de longues demandes d&rsquo;informations compl\u00e9mentaires [&hellip;]<\/p>\n","protected":false},"author":1,"featured_media":0,"comment_status":"closed","ping_status":"open","sticky":false,"template":"","format":"standard","meta":{"_citadela_custom_class":"","footnotes":""},"categories":[18],"tags":[],"class_list":["post-7695","post","type-post","status-publish","format-standard","hentry","category-medias"],"_links":{"self":[{"href":"https:\/\/destinationcyber.com\/index.php?rest_route=\/wp\/v2\/posts\/7695","targetHints":{"allow":["GET"]}}],"collection":[{"href":"https:\/\/destinationcyber.com\/index.php?rest_route=\/wp\/v2\/posts"}],"about":[{"href":"https:\/\/destinationcyber.com\/index.php?rest_route=\/wp\/v2\/types\/post"}],"author":[{"embeddable":true,"href":"https:\/\/destinationcyber.com\/index.php?rest_route=\/wp\/v2\/users\/1"}],"replies":[{"embeddable":true,"href":"https:\/\/destinationcyber.com\/index.php?rest_route=%2Fwp%2Fv2%2Fcomments&post=7695"}],"version-history":[{"count":0,"href":"https:\/\/destinationcyber.com\/index.php?rest_route=\/wp\/v2\/posts\/7695\/revisions"}],"wp:attachment":[{"href":"https:\/\/destinationcyber.com\/index.php?rest_route=%2Fwp%2Fv2%2Fmedia&parent=7695"}],"wp:term":[{"taxonomy":"category","embeddable":true,"href":"https:\/\/destinationcyber.com\/index.php?rest_route=%2Fwp%2Fv2%2Fcategories&post=7695"},{"taxonomy":"post_tag","embeddable":true,"href":"https:\/\/destinationcyber.com\/index.php?rest_route=%2Fwp%2Fv2%2Ftags&post=7695"}],"curies":[{"name":"wp","href":"https:\/\/api.w.org\/{rel}","templated":true}]}}