{"id":7659,"date":"2007-06-26T22:20:09","date_gmt":"2007-06-26T20:20:09","guid":{"rendered":"https:\/\/destinationcyber.com\/?p=7659"},"modified":"2007-06-26T22:20:09","modified_gmt":"2007-06-26T20:20:09","slug":"carrefour-doit-payer-2-millions-deuros-pour-publicite-mensongere","status":"publish","type":"post","link":"https:\/\/destinationcyber.com\/?p=7659","title":{"rendered":"Carrefour doit payer 2 millions d&rsquo;euros pour publicit\u00e9 mensong\u00e8re"},"content":{"rendered":"<p>Carrefour a \u00e9t\u00e9 condamn\u00e9 par le tribunal correctionnel d&rsquo;Evry \u00e0 payer 2 millions d&rsquo;euros, pour publicit\u00e9 mensong\u00e8re, des reventes \u00e0 perte et un manque de pr\u00e9cision sur ses \u00ab\u00a0marges arri\u00e8res\u00a0\u00bb.<\/p>\n<p>A l&rsquo;audience le 22 mai, la procureur avait requis au total 4,8 millions d&rsquo;euros d&rsquo;amende.<\/p>\n<p>Le num\u00e9ro un fran\u00e7ais de la distribution a en effet \u00e9t\u00e9 condamn\u00e9 pour avoir diffus\u00e9 de la publicit\u00e9 de r\u00e9duction de prix sur des produits qui se trouvaient en quantit\u00e9 insuffisante.<\/p>\n<p>En outre, Carrefour a \u00e9t\u00e9 condamn\u00e9 pour avoir vendu des produits \u00e0 des prix diff\u00e9rents de ceux annonc\u00e9s sur un catalogue promotionnel.<\/p>\n<p>Pour les ventes \u00e0 perte et les marges arri\u00e8re, Carrefour a \u00e9t\u00e9 condamn\u00e9e \u00e0 verser au total 60.000 euros de dommages et int\u00e9r\u00eats \u00e0 l&rsquo;association de d\u00e9fense des consommateurs UFC Que choisir, partie civile.<\/p>\n<p>Carrefour, qui est condamn\u00e9 pour la premi\u00e8re fois pour ce type de probl\u00e8mes, se r\u00e9serve le droit de faire appel \u00e0 la d\u00e9cision du tribunal, qu&rsquo;il juge d&rsquo;une \u00ab\u00a0s\u00e9v\u00e9rit\u00e9 incroyable\u00a0\u00bb et qui estime qu&rsquo;elle vise \u00e0 servir d&rsquo;exemple pour l&rsquo;ensemble de la profession.<\/p>\n<p>Fanch<\/p>\n","protected":false},"excerpt":{"rendered":"<p>Carrefour a \u00e9t\u00e9 condamn\u00e9 par le tribunal correctionnel d&rsquo;Evry \u00e0 payer 2 millions d&rsquo;euros, pour publicit\u00e9 mensong\u00e8re, des reventes \u00e0 perte et un manque de pr\u00e9cision sur ses \u00ab\u00a0marges arri\u00e8res\u00a0\u00bb. A l&rsquo;audience le 22 mai, la procureur avait requis au total 4,8 millions d&rsquo;euros d&rsquo;amende. Le num\u00e9ro un fran\u00e7ais de la distribution a en effet [&hellip;]<\/p>\n","protected":false},"author":1,"featured_media":0,"comment_status":"closed","ping_status":"open","sticky":false,"template":"","format":"standard","meta":{"_citadela_custom_class":"","footnotes":""},"categories":[19],"tags":[],"class_list":["post-7659","post","type-post","status-publish","format-standard","hentry","category-e-droit"],"_links":{"self":[{"href":"https:\/\/destinationcyber.com\/index.php?rest_route=\/wp\/v2\/posts\/7659","targetHints":{"allow":["GET"]}}],"collection":[{"href":"https:\/\/destinationcyber.com\/index.php?rest_route=\/wp\/v2\/posts"}],"about":[{"href":"https:\/\/destinationcyber.com\/index.php?rest_route=\/wp\/v2\/types\/post"}],"author":[{"embeddable":true,"href":"https:\/\/destinationcyber.com\/index.php?rest_route=\/wp\/v2\/users\/1"}],"replies":[{"embeddable":true,"href":"https:\/\/destinationcyber.com\/index.php?rest_route=%2Fwp%2Fv2%2Fcomments&post=7659"}],"version-history":[{"count":0,"href":"https:\/\/destinationcyber.com\/index.php?rest_route=\/wp\/v2\/posts\/7659\/revisions"}],"wp:attachment":[{"href":"https:\/\/destinationcyber.com\/index.php?rest_route=%2Fwp%2Fv2%2Fmedia&parent=7659"}],"wp:term":[{"taxonomy":"category","embeddable":true,"href":"https:\/\/destinationcyber.com\/index.php?rest_route=%2Fwp%2Fv2%2Fcategories&post=7659"},{"taxonomy":"post_tag","embeddable":true,"href":"https:\/\/destinationcyber.com\/index.php?rest_route=%2Fwp%2Fv2%2Ftags&post=7659"}],"curies":[{"name":"wp","href":"https:\/\/api.w.org\/{rel}","templated":true}]}}