{"id":7624,"date":"2007-06-12T21:00:20","date_gmt":"2007-06-12T19:00:20","guid":{"rendered":"https:\/\/destinationcyber.com\/?p=7624"},"modified":"2007-06-12T21:00:20","modified_gmt":"2007-06-12T19:00:20","slug":"jugements-divergents-sur-le-projet-de-tva-sociale-du-gouvernement","status":"publish","type":"post","link":"https:\/\/destinationcyber.com\/?p=7624","title":{"rendered":"Jugements divergents sur le projet de \u00ab\u00a0TVA sociale\u00a0\u00bb du gouvernement"},"content":{"rendered":"<p>Syndicats, organisations patronales et responsables politiques ont \u00e9mis des jugements divergents sur le projet du gouvernement d&rsquo;augmenter la TVA pour transf\u00e9rer vers les consommateurs une partie du financement de la protection sociale.<\/p>\n<p>Le Premier ministre, Fran\u00e7ois Fillon, a confi\u00e9 mardi \u00e0 Jean-Louis Borloo et Eric Besson, ministre de l&rsquo;Economie, des Finances et de l&rsquo;Emploi et secr\u00e9taire d&rsquo;Etat \u00e0 la Prospective et \u00e0 l&rsquo;Evaluation des politiques publiques, une mission de r\u00e9flexion sur cette \u00ab\u00a0TVA sociale\u00a0\u00bb.<\/p>\n<p>L&rsquo;objectif poursuivi par le gouvernement est de diversifier le financement de la protection sociale, tout en baissant le co\u00fbt du travail pour favoriser l&#8217;embauche et am\u00e9liorer la comp\u00e9titivit\u00e9 des entreprises fabriquant en France.<\/p>\n<p>Le Parti socialiste et Fran\u00e7ois Bayrou ont vivement critiqu\u00e9 ce projet, \u00e9voqu\u00e9 par Nicolas Sarkozy pendant la campagne pr\u00e9sidentielle.<\/p>\n<p>Fran\u00e7ois Hollande, premier secr\u00e9taire du PS, a estim\u00e9 que si le gouvernement le mettait \u00e0 ex\u00e9cution \u00ab\u00a0nous serons autour de 22% de taux de TVA, l&rsquo;un des plus hauts d&rsquo;Europe\u00a0\u00bb.<\/p>\n<p>Fran\u00e7ois Bayrou, pr\u00e9sident du Mouvement d\u00e9mocrate, a d\u00e9clar\u00e9 de son c\u00f4t\u00e9 que \u00ab\u00a0tous les Fran\u00e7ais &#8211; sp\u00e9cialement les plus pauvres, ceux qui ont le plus de difficult\u00e9s &#8211; vont avoir des charges accrues et une baisse de leur niveau de vie\u00a0\u00bb.<\/p>\n<p>Dans un communiqu\u00e9, la Ligue communiste r\u00e9volutionnaire se dit \u00ab\u00a0totalement oppos\u00e9e \u00e0 la mise en place d&rsquo;une TVA sociale qui va p\u00e9naliser les couches populaires\u00a0\u00bb et demande au contraire la suppression de la TVA \u00ab\u00a0sur tous les produits de premi\u00e8re n\u00e9cessit\u00e9\u00a0\u00bb.<\/p>\n<p>Jean Arthuis, pr\u00e9sident UDF de la commission des finances du S\u00e9nat et d\u00e9fenseur de la \u00ab\u00a0TVA sociale\u00a0\u00bb, a assur\u00e9 mardi qu&rsquo;une hausse &#8211; m\u00eame de cinq points &#8211; du taux normal \u00ab\u00a0n&rsquo;aura pas d&rsquo;effet inflationniste\u00a0\u00bb.<\/p>\n<p>Selon l&rsquo;ancien ministre des Finances, les entreprises produisant en France r\u00e9percuteraient la baisse des cotisations sur leurs prix et celles qui importent feraient de m\u00eame en raison de la pression concurrentielle.<\/p>\n<p>Laurence Parisot, pr\u00e9sidente du Medef, a estim\u00e9 qu&rsquo;une hausse de la TVA qui d\u00e9placerait sur la consommation une partie du financement de la protection sociale \u00ab\u00a0m\u00e9rite d&rsquo;\u00eatre \u00e9tudi\u00e9e d&rsquo;une mani\u00e8re approfondie\u00a0\u00bb et \u00ab\u00a0rigoureuse\u00a0\u00bb.<\/p>\n<p>Fanch<\/p>\n","protected":false},"excerpt":{"rendered":"<p>Syndicats, organisations patronales et responsables politiques ont \u00e9mis des jugements divergents sur le projet du gouvernement d&rsquo;augmenter la TVA pour transf\u00e9rer vers les consommateurs une partie du financement de la protection sociale. Le Premier ministre, Fran\u00e7ois Fillon, a confi\u00e9 mardi \u00e0 Jean-Louis Borloo et Eric Besson, ministre de l&rsquo;Economie, des Finances et de l&rsquo;Emploi et [&hellip;]<\/p>\n","protected":false},"author":1,"featured_media":0,"comment_status":"closed","ping_status":"open","sticky":false,"template":"","format":"standard","meta":{"_citadela_custom_class":"","footnotes":""},"categories":[17],"tags":[],"class_list":["post-7624","post","type-post","status-publish","format-standard","hentry","category-economia"],"_links":{"self":[{"href":"https:\/\/destinationcyber.com\/index.php?rest_route=\/wp\/v2\/posts\/7624","targetHints":{"allow":["GET"]}}],"collection":[{"href":"https:\/\/destinationcyber.com\/index.php?rest_route=\/wp\/v2\/posts"}],"about":[{"href":"https:\/\/destinationcyber.com\/index.php?rest_route=\/wp\/v2\/types\/post"}],"author":[{"embeddable":true,"href":"https:\/\/destinationcyber.com\/index.php?rest_route=\/wp\/v2\/users\/1"}],"replies":[{"embeddable":true,"href":"https:\/\/destinationcyber.com\/index.php?rest_route=%2Fwp%2Fv2%2Fcomments&post=7624"}],"version-history":[{"count":0,"href":"https:\/\/destinationcyber.com\/index.php?rest_route=\/wp\/v2\/posts\/7624\/revisions"}],"wp:attachment":[{"href":"https:\/\/destinationcyber.com\/index.php?rest_route=%2Fwp%2Fv2%2Fmedia&parent=7624"}],"wp:term":[{"taxonomy":"category","embeddable":true,"href":"https:\/\/destinationcyber.com\/index.php?rest_route=%2Fwp%2Fv2%2Fcategories&post=7624"},{"taxonomy":"post_tag","embeddable":true,"href":"https:\/\/destinationcyber.com\/index.php?rest_route=%2Fwp%2Fv2%2Ftags&post=7624"}],"curies":[{"name":"wp","href":"https:\/\/api.w.org\/{rel}","templated":true}]}}