{"id":7604,"date":"2007-06-06T14:04:47","date_gmt":"2007-06-06T12:04:47","guid":{"rendered":"https:\/\/destinationcyber.com\/?p=7604"},"modified":"2007-06-06T14:04:47","modified_gmt":"2007-06-06T12:04:47","slug":"le-gouvernement-sera-dune-extreme-vigilance-pour-limiter-la-hausse-des-prix-de-lelectricite-et-du-gaz-le-1er-juillet-prochain","status":"publish","type":"post","link":"https:\/\/destinationcyber.com\/?p=7604","title":{"rendered":"Le gouvernement sera d&rsquo;une \u00ab\u00a0extr\u00eame vigilance\u00a0\u00bb pour limiter la hausse des prix de l&rsquo;\u00e9lectricit\u00e9 et du gaz le 1er juillet prochain"},"content":{"rendered":"<p>Le gouvernement sera d&rsquo;une \u00ab\u00a0extr\u00eame vigilance\u00a0\u00bb pour limiter la hausse des prix de l&rsquo;\u00e9lectricit\u00e9 et du gaz apr\u00e8s l&rsquo;ouverture des march\u00e9s \u00e0 la concurrence le 1er juillet prochain, a d\u00e9clar\u00e9 mercredi Christine Albanel.<\/p>\n<p>Elle a rappel\u00e9 que les instances de contr\u00f4le (commission de r\u00e9gulation de l&rsquo;\u00e9nergie, conseil de la concurrence, r\u00e9pression des fraudes) \u00e9taient mobilis\u00e9es.<\/p>\n<p>Lors du conseil, le ministre de l&rsquo;\u00e9cologie Alain Jupp\u00e9 a pr\u00e9sent\u00e9 une communication sur cette derni\u00e8re \u00e9tape de l&rsquo;ouverture des march\u00e9s de l&rsquo;\u00e9lectricit\u00e9 et du gaz, d\u00e9cid\u00e9e par la loi du 7 d\u00e9cembre 2006 vot\u00e9e sous le gouvernement Villepin, qui transpose les directives europ\u00e9ennes sur l&rsquo;\u00e9nergie.<\/p>\n<p>A partir du 1er juillet, les 12 millions de clients de Gaz de France et les 27 millions de clients d&rsquo;EDF pourront changer de fournisseur sans frais et sans interruption de service.<\/p>\n<p>Les consommateurs qui changeront de fournisseur renonceront d\u00e9finitivement au tarif r\u00e8glement\u00e9 pour leur logement.<\/p>\n<p>L&rsquo;ouverture du march\u00e9 de l&rsquo;\u00e9nergie s&rsquo;accompagne de la mise en place d&rsquo;un dispositif renforc\u00e9 de protection des consommateurs: des informations obligatoires pour \u00e9clairer leur choix, des souplesses pour faciliter le changement de fournisseur d&rsquo;\u00e9nergie et des dispositifs sociaux pour prot\u00e9ger les plus d\u00e9munis.<\/p>\n<p>Alain Jupp\u00e9 n&rsquo;a pas \u00e9voqu\u00e9 dans sa communication l&rsquo;avenir du projet de fusion GDF-Suez, possible \u00e0 partir du 1er juillet 2007 mais de plus en plus compromis.<\/p>\n<p>Fanch<\/p>\n","protected":false},"excerpt":{"rendered":"<p>Le gouvernement sera d&rsquo;une \u00ab\u00a0extr\u00eame vigilance\u00a0\u00bb pour limiter la hausse des prix de l&rsquo;\u00e9lectricit\u00e9 et du gaz apr\u00e8s l&rsquo;ouverture des march\u00e9s \u00e0 la concurrence le 1er juillet prochain, a d\u00e9clar\u00e9 mercredi Christine Albanel. Elle a rappel\u00e9 que les instances de contr\u00f4le (commission de r\u00e9gulation de l&rsquo;\u00e9nergie, conseil de la concurrence, r\u00e9pression des fraudes) \u00e9taient mobilis\u00e9es. [&hellip;]<\/p>\n","protected":false},"author":1,"featured_media":0,"comment_status":"closed","ping_status":"open","sticky":false,"template":"","format":"standard","meta":{"_citadela_custom_class":"","footnotes":""},"categories":[17],"tags":[],"class_list":["post-7604","post","type-post","status-publish","format-standard","hentry","category-economia"],"_links":{"self":[{"href":"https:\/\/destinationcyber.com\/index.php?rest_route=\/wp\/v2\/posts\/7604","targetHints":{"allow":["GET"]}}],"collection":[{"href":"https:\/\/destinationcyber.com\/index.php?rest_route=\/wp\/v2\/posts"}],"about":[{"href":"https:\/\/destinationcyber.com\/index.php?rest_route=\/wp\/v2\/types\/post"}],"author":[{"embeddable":true,"href":"https:\/\/destinationcyber.com\/index.php?rest_route=\/wp\/v2\/users\/1"}],"replies":[{"embeddable":true,"href":"https:\/\/destinationcyber.com\/index.php?rest_route=%2Fwp%2Fv2%2Fcomments&post=7604"}],"version-history":[{"count":0,"href":"https:\/\/destinationcyber.com\/index.php?rest_route=\/wp\/v2\/posts\/7604\/revisions"}],"wp:attachment":[{"href":"https:\/\/destinationcyber.com\/index.php?rest_route=%2Fwp%2Fv2%2Fmedia&parent=7604"}],"wp:term":[{"taxonomy":"category","embeddable":true,"href":"https:\/\/destinationcyber.com\/index.php?rest_route=%2Fwp%2Fv2%2Fcategories&post=7604"},{"taxonomy":"post_tag","embeddable":true,"href":"https:\/\/destinationcyber.com\/index.php?rest_route=%2Fwp%2Fv2%2Ftags&post=7604"}],"curies":[{"name":"wp","href":"https:\/\/api.w.org\/{rel}","templated":true}]}}