{"id":7603,"date":"2007-06-06T13:59:08","date_gmt":"2007-06-06T11:59:08","guid":{"rendered":"https:\/\/destinationcyber.com\/?p=7603"},"modified":"2007-06-06T13:59:08","modified_gmt":"2007-06-06T11:59:08","slug":"reforme-des-regimes-speciaux-pour-2008","status":"publish","type":"post","link":"https:\/\/destinationcyber.com\/?p=7603","title":{"rendered":"R\u00e9forme des r\u00e9gimes sp\u00e9ciaux pour 2008"},"content":{"rendered":"<p>Fran\u00e7ois Fillon a assur\u00e9 ce mercredi que le gouvernement irait \u00ab\u00a0jusqu&rsquo;au bout\u00a0\u00bb de la r\u00e9forme des r\u00e9gimes sp\u00e9ciaux de retraite, programm\u00e9e pour 2008.<\/p>\n<p>On ira jusqu&rsquo;au bout de cette r\u00e9forme\u00a0\u00bb, a-t-il insist\u00e9.<\/p>\n<p>\u00ab\u00a0La France ne pourra pas supporter longtemps qu&rsquo;il y ait autant d&rsquo;in\u00e9galit\u00e9s\u00a0\u00bb entre les r\u00e9gimes de retraite, a estim\u00e9 Fran\u00e7ois Fillon qui a rappel\u00e9 qu&rsquo;un gouvernement pr\u00e9c\u00e9dent \u00ab\u00a0a d\u00e9j\u00e0 harmonis\u00e9 la dur\u00e9e de cotisation entre le public et le priv\u00e9, c&rsquo;est la loi vot\u00e9e en 2003.<\/p>\n<p>Les r\u00e9gimes sp\u00e9ciaux de retraite concernent les salari\u00e9s d&rsquo;entreprises publiques, en particulier la RATP, EDF-GDF et la SNCF (au total 500.000 actifs et 1,1 million de retrait\u00e9s) qui ont des droits g\u00e9n\u00e9ralement sup\u00e9rieurs \u00e0 ceux des autres salari\u00e9s et des fonctionnaires, et ce pour des raisons \u00e0 la fois historiques et de p\u00e9nibilit\u00e9 des t\u00e2ches.<\/p>\n<p>Fanch<\/p>\n","protected":false},"excerpt":{"rendered":"<p>Fran\u00e7ois Fillon a assur\u00e9 ce mercredi que le gouvernement irait \u00ab\u00a0jusqu&rsquo;au bout\u00a0\u00bb de la r\u00e9forme des r\u00e9gimes sp\u00e9ciaux de retraite, programm\u00e9e pour 2008. On ira jusqu&rsquo;au bout de cette r\u00e9forme\u00a0\u00bb, a-t-il insist\u00e9. \u00ab\u00a0La France ne pourra pas supporter longtemps qu&rsquo;il y ait autant d&rsquo;in\u00e9galit\u00e9s\u00a0\u00bb entre les r\u00e9gimes de retraite, a estim\u00e9 Fran\u00e7ois Fillon qui a [&hellip;]<\/p>\n","protected":false},"author":1,"featured_media":0,"comment_status":"closed","ping_status":"open","sticky":false,"template":"","format":"standard","meta":{"_citadela_custom_class":"","footnotes":""},"categories":[16],"tags":[],"class_list":["post-7603","post","type-post","status-publish","format-standard","hentry","category-bricabrac"],"_links":{"self":[{"href":"https:\/\/destinationcyber.com\/index.php?rest_route=\/wp\/v2\/posts\/7603","targetHints":{"allow":["GET"]}}],"collection":[{"href":"https:\/\/destinationcyber.com\/index.php?rest_route=\/wp\/v2\/posts"}],"about":[{"href":"https:\/\/destinationcyber.com\/index.php?rest_route=\/wp\/v2\/types\/post"}],"author":[{"embeddable":true,"href":"https:\/\/destinationcyber.com\/index.php?rest_route=\/wp\/v2\/users\/1"}],"replies":[{"embeddable":true,"href":"https:\/\/destinationcyber.com\/index.php?rest_route=%2Fwp%2Fv2%2Fcomments&post=7603"}],"version-history":[{"count":0,"href":"https:\/\/destinationcyber.com\/index.php?rest_route=\/wp\/v2\/posts\/7603\/revisions"}],"wp:attachment":[{"href":"https:\/\/destinationcyber.com\/index.php?rest_route=%2Fwp%2Fv2%2Fmedia&parent=7603"}],"wp:term":[{"taxonomy":"category","embeddable":true,"href":"https:\/\/destinationcyber.com\/index.php?rest_route=%2Fwp%2Fv2%2Fcategories&post=7603"},{"taxonomy":"post_tag","embeddable":true,"href":"https:\/\/destinationcyber.com\/index.php?rest_route=%2Fwp%2Fv2%2Ftags&post=7603"}],"curies":[{"name":"wp","href":"https:\/\/api.w.org\/{rel}","templated":true}]}}