{"id":7599,"date":"2007-06-04T20:13:54","date_gmt":"2007-06-04T18:13:54","guid":{"rendered":"https:\/\/destinationcyber.com\/?p=7599"},"modified":"2007-06-04T20:13:54","modified_gmt":"2007-06-04T18:13:54","slug":"televista-lepine-dans-le-pieds-de-microsoft","status":"publish","type":"post","link":"https:\/\/destinationcyber.com\/?p=7599","title":{"rendered":"T\u00e9l\u00e9Vista, l&rsquo;\u00e9pine dans le pieds de Microsoft"},"content":{"rendered":"<p>Philippe Gildas, ex monsieur \u00ab\u00a0Nulle part ailleurs\u00a0\u00bb, n&rsquo;a d\u00e9cid\u00e9ment peur de rien.<\/p>\n<p>L&rsquo;animateur estime d\u00e9tenir l&rsquo;ant\u00e9riorit\u00e9 du nom Vista sur l&rsquo;am\u00e9ricain, selon un article du Parisien.<\/p>\n<p>Selon l&rsquo;animateur, l&rsquo;\u00e9diteur qui a lanc\u00e9 au d\u00e9but de l&rsquo;ann\u00e9e une nouvelle mouture de son OS, lui a purement et simplement vol\u00e9 son nom&#8230;Il estime en effet en \u00eatre le premier d\u00e9positaire.<\/p>\n<p>L&rsquo;animateur r\u00e9serverait ce nom \u00e0 une nouvelle cha\u00eene de t\u00e9l\u00e9vision (T\u00e9l\u00e9Vista) d\u00e9di\u00e9e aux seniors qu&rsquo;il envisagerait de lancer prochainement.<\/p>\n<p>Si l&rsquo;on suit le droit fran\u00e7ais, Microsoft a de quoi s&rsquo;inqui\u00e9ter quant \u00e0 l&rsquo;usage du nom Vista sur le territoire hexagonal.<\/p>\n<p>Le d\u00e9p\u00f4t du nom par Philippe Gildas est en effet intervenu deux ans avant que Microsoft ne r\u00e9v\u00e8le publiquement le nom de son syst\u00e8me d&rsquo;exploitation (connu \u00e0 l&rsquo;origine sous son nom de code Longhorn).<\/p>\n<p>Interrog\u00e9 par le quotidien gratuit 20 minutes, Gildas explique que le premier d\u00e9p\u00f4t remonte \u00e0 2003, car il avait tent\u00e9 de lancer cette nouvelle cha\u00eene il y a quatre ans.<\/p>\n<p>Le probl\u00e8me est d&rsquo;autant plus s\u00e9rieux que Televista a \u00e9galement une vocation Web.<\/p>\n<p>D&rsquo;apr\u00e8s Gildas, cette proximit\u00e9 est un s\u00e9rieux probl\u00e8me et c&rsquo;est pour cette raison qu&rsquo;il assigne Microsoft en justice sur le motif de \u00ab violation de la propri\u00e9t\u00e9 intellectuelle et pr\u00e9judice. \u00bb<\/p>\n<p>Il y a fort \u00e0 parier pour que Microsoft tente de n\u00e9gocier \u00e0 l&rsquo;amiable avec Philippe Gildas, car l&rsquo;on voit mal le groupe changer de nom apr\u00e8s une campagne publicitaire estim\u00e9e \u00e0 plus de 500 millions de dollars.<\/p>\n<p>Si ce n&rsquo;est pas le cas, la proc\u00e9dure promet d&rsquo;\u00eatre longue et l&rsquo;arsenal de juristes et d&rsquo;avocats de Microsoft devrait permettre de refroidir la volont\u00e9 de fer du charismatique pr\u00e9sentateur.<\/p>\n<p>Fanch<\/p>\n","protected":false},"excerpt":{"rendered":"<p>Philippe Gildas, ex monsieur \u00ab\u00a0Nulle part ailleurs\u00a0\u00bb, n&rsquo;a d\u00e9cid\u00e9ment peur de rien. L&rsquo;animateur estime d\u00e9tenir l&rsquo;ant\u00e9riorit\u00e9 du nom Vista sur l&rsquo;am\u00e9ricain, selon un article du Parisien. Selon l&rsquo;animateur, l&rsquo;\u00e9diteur qui a lanc\u00e9 au d\u00e9but de l&rsquo;ann\u00e9e une nouvelle mouture de son OS, lui a purement et simplement vol\u00e9 son nom&#8230;Il estime en effet en \u00eatre [&hellip;]<\/p>\n","protected":false},"author":1,"featured_media":0,"comment_status":"closed","ping_status":"open","sticky":false,"template":"","format":"standard","meta":{"_citadela_custom_class":"","footnotes":""},"categories":[19],"tags":[],"class_list":["post-7599","post","type-post","status-publish","format-standard","hentry","category-e-droit"],"_links":{"self":[{"href":"https:\/\/destinationcyber.com\/index.php?rest_route=\/wp\/v2\/posts\/7599","targetHints":{"allow":["GET"]}}],"collection":[{"href":"https:\/\/destinationcyber.com\/index.php?rest_route=\/wp\/v2\/posts"}],"about":[{"href":"https:\/\/destinationcyber.com\/index.php?rest_route=\/wp\/v2\/types\/post"}],"author":[{"embeddable":true,"href":"https:\/\/destinationcyber.com\/index.php?rest_route=\/wp\/v2\/users\/1"}],"replies":[{"embeddable":true,"href":"https:\/\/destinationcyber.com\/index.php?rest_route=%2Fwp%2Fv2%2Fcomments&post=7599"}],"version-history":[{"count":0,"href":"https:\/\/destinationcyber.com\/index.php?rest_route=\/wp\/v2\/posts\/7599\/revisions"}],"wp:attachment":[{"href":"https:\/\/destinationcyber.com\/index.php?rest_route=%2Fwp%2Fv2%2Fmedia&parent=7599"}],"wp:term":[{"taxonomy":"category","embeddable":true,"href":"https:\/\/destinationcyber.com\/index.php?rest_route=%2Fwp%2Fv2%2Fcategories&post=7599"},{"taxonomy":"post_tag","embeddable":true,"href":"https:\/\/destinationcyber.com\/index.php?rest_route=%2Fwp%2Fv2%2Ftags&post=7599"}],"curies":[{"name":"wp","href":"https:\/\/api.w.org\/{rel}","templated":true}]}}