{"id":7594,"date":"2007-05-31T21:13:09","date_gmt":"2007-05-31T19:13:09","guid":{"rendered":"https:\/\/destinationcyber.com\/?p=7594"},"modified":"2007-05-31T21:13:09","modified_gmt":"2007-05-31T19:13:09","slug":"lexoneration-fiscale-et-sociale-sur-les-heures-supplementaires-beneficiera-aux-salaries-a-temps-partiel-et-aux-cadres","status":"publish","type":"post","link":"https:\/\/destinationcyber.com\/?p=7594","title":{"rendered":"L&rsquo;exon\u00e9ration fiscale et sociale sur les heures suppl\u00e9mentaires b\u00e9n\u00e9ficiera aux salari\u00e9s \u00e0 temps partiel et aux cadres"},"content":{"rendered":"<p>L&rsquo;exon\u00e9ration fiscale et sociale sur les heures suppl\u00e9mentaires b\u00e9n\u00e9ficiera aux salari\u00e9s \u00e0 temps partiel et aux cadres, a confirm\u00e9 jeudi soir le Premier ministre Fran\u00e7ois Fillon lors d&rsquo;un meeting de l&rsquo;UMP pour les \u00e9lections l\u00e9gislatives.<\/p>\n<p>Cette exon\u00e9ration \u00ab\u00a0b\u00e9n\u00e9ficiera aux salari\u00e9s \u00e0 temps plein mais aussi \u00e0 ceux qui travaillent \u00e0 temps partiel\u00a0\u00bb, a expliqu\u00e9 le Premier ministre devant un millier de personnes r\u00e9unies dans une salle de sport de Wasquehal, pr\u00e8s de Lille (Nord).<\/p>\n<p>Le ministre de l&rsquo;Economie Jean-Louis Borloo est charg\u00e9 de mener la concertation avec les syndicats et le patronat sur cette promesse-phare de Nicolas Sarkozy, qui doit \u00eatre soumise en juillet au Parlement r\u00e9uni en session extraordinaire.<\/p>\n<p>Le Premier ministre a r\u00e9clam\u00e9 \u00ab\u00a0un dialogue social sinc\u00e8re et productif\u00a0\u00bb aux partenaires sociaux.<\/p>\n<p>Fran\u00e7ois Fillon a repris les th\u00e8mes du discours social de la campagne pr\u00e9sidentielle victorieuse de Nicolas Sarkozy et de son \u00ab\u00a0appel de Lille\u00a0\u00bb, lanc\u00e9 lors d&rsquo;un meeting il y a plus d&rsquo;un mois.<\/p>\n<p>\u00ab\u00a0Vous avez vot\u00e9 pour encourager le retour \u00e0 l&#8217;emploi et nous allons le faire\u00a0\u00bb, a rappel\u00e9 le Premier ministre en promettant \u00e9galement de \u00ab\u00a0relancer le pouvoir d&rsquo;achat\u00a0\u00bb et \u00ab\u00a0mettre fin \u00e0 la fatalit\u00e9 du ch\u00f4mage de masse\u00a0\u00bb.<\/p>\n<p>Pour sortir de l&rsquo;impasse, il ne faut pas \u00ab\u00a0repeindre l&rsquo;impasse en rose\u00a0\u00bb, a-t-il dit.<\/p>\n<p>Fanch<\/p>\n","protected":false},"excerpt":{"rendered":"<p>L&rsquo;exon\u00e9ration fiscale et sociale sur les heures suppl\u00e9mentaires b\u00e9n\u00e9ficiera aux salari\u00e9s \u00e0 temps partiel et aux cadres, a confirm\u00e9 jeudi soir le Premier ministre Fran\u00e7ois Fillon lors d&rsquo;un meeting de l&rsquo;UMP pour les \u00e9lections l\u00e9gislatives. Cette exon\u00e9ration \u00ab\u00a0b\u00e9n\u00e9ficiera aux salari\u00e9s \u00e0 temps plein mais aussi \u00e0 ceux qui travaillent \u00e0 temps partiel\u00a0\u00bb, a expliqu\u00e9 le [&hellip;]<\/p>\n","protected":false},"author":1,"featured_media":0,"comment_status":"closed","ping_status":"open","sticky":false,"template":"","format":"standard","meta":{"_citadela_custom_class":"","footnotes":""},"categories":[17],"tags":[],"class_list":["post-7594","post","type-post","status-publish","format-standard","hentry","category-economia"],"_links":{"self":[{"href":"https:\/\/destinationcyber.com\/index.php?rest_route=\/wp\/v2\/posts\/7594","targetHints":{"allow":["GET"]}}],"collection":[{"href":"https:\/\/destinationcyber.com\/index.php?rest_route=\/wp\/v2\/posts"}],"about":[{"href":"https:\/\/destinationcyber.com\/index.php?rest_route=\/wp\/v2\/types\/post"}],"author":[{"embeddable":true,"href":"https:\/\/destinationcyber.com\/index.php?rest_route=\/wp\/v2\/users\/1"}],"replies":[{"embeddable":true,"href":"https:\/\/destinationcyber.com\/index.php?rest_route=%2Fwp%2Fv2%2Fcomments&post=7594"}],"version-history":[{"count":0,"href":"https:\/\/destinationcyber.com\/index.php?rest_route=\/wp\/v2\/posts\/7594\/revisions"}],"wp:attachment":[{"href":"https:\/\/destinationcyber.com\/index.php?rest_route=%2Fwp%2Fv2%2Fmedia&parent=7594"}],"wp:term":[{"taxonomy":"category","embeddable":true,"href":"https:\/\/destinationcyber.com\/index.php?rest_route=%2Fwp%2Fv2%2Fcategories&post=7594"},{"taxonomy":"post_tag","embeddable":true,"href":"https:\/\/destinationcyber.com\/index.php?rest_route=%2Fwp%2Fv2%2Ftags&post=7594"}],"curies":[{"name":"wp","href":"https:\/\/api.w.org\/{rel}","templated":true}]}}