{"id":7580,"date":"2007-05-30T17:52:38","date_gmt":"2007-05-30T15:52:38","guid":{"rendered":"https:\/\/destinationcyber.com\/?p=7580"},"modified":"2007-05-30T17:52:38","modified_gmt":"2007-05-30T15:52:38","slug":"alain-juppe-ministre-detat-du-gouvernement-dote-de-competences-tres-larges","status":"publish","type":"post","link":"https:\/\/destinationcyber.com\/?p=7580","title":{"rendered":"Alain Jupp\u00e9 ministre d&rsquo;Etat du gouvernement dot\u00e9 de comp\u00e9tences tr\u00e8s larges"},"content":{"rendered":"<p>Le d\u00e9cret d\u00e9finissant les attributions du ministre de l&rsquo;Ecologie, du D\u00e9veloppement et de l&rsquo;Am\u00e9nagement durables, pr\u00e9sent\u00e9 ce matin en conseil des ministres, confirme le sentiment qu&rsquo;on a pu avoir d\u00e8s la nomination du gouvernement le 18 mai: le poste confi\u00e9 \u00e0 Alain Jupp\u00e9 s&rsquo;apparente bien \u00e0 celui d&rsquo;un \u00ab\u00a0vice-premier ministre\u00a0\u00bb.<\/p>\n<p>C&rsquo;est \u00e0 peu de choses pr\u00e8s le profil d\u00e9fini dans le pacte \u00e9cologique de Nicolas Hulot, que Nicolas Sarkozy avait sign\u00e9 pendant sa campagne \u00e9lectorale.<\/p>\n<p>Les pr\u00e9rogatives d&rsquo;Alain Jupp\u00e9 ne sont cependant pas l&rsquo;exacte r\u00e9plique de ce que pr\u00e9voit le pacte qui pr\u00e9conise un champ d&rsquo;intervention du titulaire du poste quasi g\u00e9n\u00e9ral sur le travail du gouvernement.<\/p>\n<p>Selon le communiqu\u00e9 du conseil des ministres, Alain Jupp\u00e9, outre les attributions classiques d\u00e9volues au minist\u00e8re de l&rsquo;Ecologie (eau, traitement gestion des d\u00e9chets, pollutions, protection de l&rsquo;environnement&#8230;) \u00ab\u00a0pr\u00e9pare et met en oeuvre la politique du gouvernement dans les domaines du d\u00e9veloppement durable et de l&rsquo;environnement, de l&rsquo;\u00e9nergie et des mati\u00e8res premi\u00e8res, de la s\u00e9curit\u00e9 industrielle, des transports et de leurs infrastructures, de l&rsquo;\u00e9quipement, de l&rsquo;am\u00e9nagement foncier et rural, de l&rsquo;urbanisme, de l&rsquo;am\u00e9nagement et du d\u00e9veloppement du territoire et de la mer, \u00e0 l&rsquo;exception de la p\u00eache\u00a0\u00bb.<\/p>\n<p>En d&rsquo;autres termes, le ministre cumule grosso modo les t\u00e2ches r\u00e9serv\u00e9es auparavant respectivement au ministre de l&rsquo;Industrie en mati\u00e8re d&rsquo;\u00e9nergie et d&rsquo;approvisionnement \u00e9nerg\u00e9tique, au ministre de l&rsquo;Equipement, des transports et de l&rsquo;urbanisme, au ministre de l&rsquo;Am\u00e9nagement du territoire et une partie importante de l&rsquo;administration du pr\u00e9c\u00e9dent ministre de la Mer.<\/p>\n<p>Cela signifie notamment que les d\u00e9cisions relevant du d\u00e9veloppement et de la s\u00e9curit\u00e9 nucl\u00e9aire incombent d\u00e9sormais \u00e0 M. Jupp\u00e9 qui devra parall\u00e8lement arbitrer les d\u00e9cisions en mati\u00e8re d&rsquo;\u00e9nergies renouvelables.<\/p>\n<p>Toutes les mesures touchant aux transports, \u00e0 la circulation automobile, aux limitations de vitesse, au respect des normes de pollution automobile lui reviennent \u00e9galement.<\/p>\n<p>Sur le papier, l&rsquo;\u00e9tendue des pouvoirs de la nouvelle administration est cens\u00e9e concr\u00e9tiser l&rsquo;importance que rev\u00eat l&rsquo;environnement aux yeux du nouveau pr\u00e9sident de la R\u00e9publique.<\/p>\n<p>Fanch<\/p>\n","protected":false},"excerpt":{"rendered":"<p>Le d\u00e9cret d\u00e9finissant les attributions du ministre de l&rsquo;Ecologie, du D\u00e9veloppement et de l&rsquo;Am\u00e9nagement durables, pr\u00e9sent\u00e9 ce matin en conseil des ministres, confirme le sentiment qu&rsquo;on a pu avoir d\u00e8s la nomination du gouvernement le 18 mai: le poste confi\u00e9 \u00e0 Alain Jupp\u00e9 s&rsquo;apparente bien \u00e0 celui d&rsquo;un \u00ab\u00a0vice-premier ministre\u00a0\u00bb. C&rsquo;est \u00e0 peu de choses [&hellip;]<\/p>\n","protected":false},"author":1,"featured_media":0,"comment_status":"closed","ping_status":"open","sticky":false,"template":"","format":"standard","meta":{"_citadela_custom_class":"","footnotes":""},"categories":[16],"tags":[],"class_list":["post-7580","post","type-post","status-publish","format-standard","hentry","category-bricabrac"],"_links":{"self":[{"href":"https:\/\/destinationcyber.com\/index.php?rest_route=\/wp\/v2\/posts\/7580","targetHints":{"allow":["GET"]}}],"collection":[{"href":"https:\/\/destinationcyber.com\/index.php?rest_route=\/wp\/v2\/posts"}],"about":[{"href":"https:\/\/destinationcyber.com\/index.php?rest_route=\/wp\/v2\/types\/post"}],"author":[{"embeddable":true,"href":"https:\/\/destinationcyber.com\/index.php?rest_route=\/wp\/v2\/users\/1"}],"replies":[{"embeddable":true,"href":"https:\/\/destinationcyber.com\/index.php?rest_route=%2Fwp%2Fv2%2Fcomments&post=7580"}],"version-history":[{"count":0,"href":"https:\/\/destinationcyber.com\/index.php?rest_route=\/wp\/v2\/posts\/7580\/revisions"}],"wp:attachment":[{"href":"https:\/\/destinationcyber.com\/index.php?rest_route=%2Fwp%2Fv2%2Fmedia&parent=7580"}],"wp:term":[{"taxonomy":"category","embeddable":true,"href":"https:\/\/destinationcyber.com\/index.php?rest_route=%2Fwp%2Fv2%2Fcategories&post=7580"},{"taxonomy":"post_tag","embeddable":true,"href":"https:\/\/destinationcyber.com\/index.php?rest_route=%2Fwp%2Fv2%2Ftags&post=7580"}],"curies":[{"name":"wp","href":"https:\/\/api.w.org\/{rel}","templated":true}]}}