{"id":7331,"date":"2007-03-30T19:50:39","date_gmt":"2007-03-30T17:50:39","guid":{"rendered":"https:\/\/destinationcyber.com\/?p=7331"},"modified":"2007-03-30T19:50:39","modified_gmt":"2007-03-30T17:50:39","slug":"les-chiffres-du-chomage-sont-de-plus-en-plus-artificiels-et-farfelus","status":"publish","type":"post","link":"https:\/\/destinationcyber.com\/?p=7331","title":{"rendered":"Les chiffres du ch\u00f4mage sont \u00ab\u00a0de plus en plus artificiels\u00a0\u00bb et \u00ab\u00a0farfelus\u00a0\u00bb"},"content":{"rendered":"<p>La correction \u00e0 la hausse vendredi des chiffres du ch\u00f4mage fran\u00e7ais sur plusieurs mois par l&rsquo;office statistique europ\u00e9en Eurostat devrait encore l&rsquo;alimenter.<\/p>\n<p>Cette pol\u00e9mique, qui agite la campagne pr\u00e9sidentielle en France, porte sur le nombre exact de personnes \u00e0 la recherche d&rsquo;un emploi.<\/p>\n<p>Contredisant le gouvernement fran\u00e7ais, Eurostat \u00e9value pour le mois de f\u00e9vrier le taux de ch\u00f4mage \u00e0 8,8%, alors que de son c\u00f4t\u00e9, l&rsquo;Insee avait annonc\u00e9 jeudi 8,4%.<\/p>\n<p>Nous avons \u00ab\u00a0r\u00e9vis\u00e9 en hausse de 0,4 \u00e0 0,5 point les chiffres du ch\u00f4mage depuis mai 2006\u00a0\u00bb en utilisant les enqu\u00eates sur l&#8217;emploi de l&rsquo;Insee pour les troisi\u00e8me et quatri\u00e8me trimestres 2006, a expliqu\u00e9 \u00e0 l&rsquo;AFP le responsable du service de presse d&rsquo;Eurostat, Philippe Bautier.<\/p>\n<p>Compte-tenu de ces r\u00e9visions, le taux de ch\u00f4mage moyen sur l&rsquo;ensemble de l&rsquo;ann\u00e9e 2006 en France a \u00e9t\u00e9 relev\u00e9 par l&rsquo;office statistique europ\u00e9en \u00e0 9,4%, contre 9% selon l&rsquo;estimation pr\u00e9c\u00e9dente, a pr\u00e9cis\u00e9 Amelia Torres, la porte-parole du commissaire europ\u00e9en aux Affaires \u00e9conomiques et mon\u00e9taires Joaquin Almunia.<\/p>\n<p>Le chiffre d&rsquo;Eurostat vient contredire ces d\u00e9clarations.<\/p>\n<p>L&rsquo;Insee a \u00e9t\u00e9 tr\u00e8s contest\u00e9e \u00e9galement pour sa d\u00e9cision de diff\u00e9rer \u00e0 l&rsquo;automne la publication de l&rsquo;enqu\u00eate emploi du troisi\u00e8me trimestre, qu&rsquo;elle publie normalement en mars.<\/p>\n<p>Cette d\u00e9cision de l&rsquo;Insee, qu&rsquo;elle justifiait en \u00e9voquant des probl\u00e8mes de fiabilit\u00e9, a provoqu\u00e9 une vive pol\u00e9mique depuis plusieurs semaines, l&rsquo;opposition, les syndicats et des associations estimant qu&rsquo;il s&rsquo;agissait d&rsquo;une d\u00e9cision politique, \u00e0 quelques semaines de l&rsquo;\u00e9lection pr\u00e9sidentielle.<\/p>\n<p>Or, <strong>selon Eurostat, qui a \u00e9tabli sa correction des chiffres du ch\u00f4mage fran\u00e7ais \u00e0 partir des enqu\u00eates emploi que l&rsquo;Insee lui a fournies, assorties certes de \u00ab\u00a0r\u00e9serves\u00a0\u00bb, \u00ab\u00a0l&rsquo;enqu\u00eate (de l&rsquo;Insee) est utilisable\u00a0\u00bb et elle pr\u00e9sente \u00ab\u00a0plus de fiabilit\u00e9\u00a0\u00bb que les chiffres fournis par les \u00ab\u00a0sources administratives\u00a0\u00bb (services de l&#8217;emploi de l&rsquo;ANPE)<\/strong>.<\/p>\n<p>Fanch<\/p>\n","protected":false},"excerpt":{"rendered":"<p>La correction \u00e0 la hausse vendredi des chiffres du ch\u00f4mage fran\u00e7ais sur plusieurs mois par l&rsquo;office statistique europ\u00e9en Eurostat devrait encore l&rsquo;alimenter. Cette pol\u00e9mique, qui agite la campagne pr\u00e9sidentielle en France, porte sur le nombre exact de personnes \u00e0 la recherche d&rsquo;un emploi. Contredisant le gouvernement fran\u00e7ais, Eurostat \u00e9value pour le mois de f\u00e9vrier le [&hellip;]<\/p>\n","protected":false},"author":1,"featured_media":0,"comment_status":"closed","ping_status":"open","sticky":false,"template":"","format":"standard","meta":{"_citadela_custom_class":"","footnotes":""},"categories":[17],"tags":[],"class_list":["post-7331","post","type-post","status-publish","format-standard","hentry","category-economia"],"_links":{"self":[{"href":"https:\/\/destinationcyber.com\/index.php?rest_route=\/wp\/v2\/posts\/7331","targetHints":{"allow":["GET"]}}],"collection":[{"href":"https:\/\/destinationcyber.com\/index.php?rest_route=\/wp\/v2\/posts"}],"about":[{"href":"https:\/\/destinationcyber.com\/index.php?rest_route=\/wp\/v2\/types\/post"}],"author":[{"embeddable":true,"href":"https:\/\/destinationcyber.com\/index.php?rest_route=\/wp\/v2\/users\/1"}],"replies":[{"embeddable":true,"href":"https:\/\/destinationcyber.com\/index.php?rest_route=%2Fwp%2Fv2%2Fcomments&post=7331"}],"version-history":[{"count":0,"href":"https:\/\/destinationcyber.com\/index.php?rest_route=\/wp\/v2\/posts\/7331\/revisions"}],"wp:attachment":[{"href":"https:\/\/destinationcyber.com\/index.php?rest_route=%2Fwp%2Fv2%2Fmedia&parent=7331"}],"wp:term":[{"taxonomy":"category","embeddable":true,"href":"https:\/\/destinationcyber.com\/index.php?rest_route=%2Fwp%2Fv2%2Fcategories&post=7331"},{"taxonomy":"post_tag","embeddable":true,"href":"https:\/\/destinationcyber.com\/index.php?rest_route=%2Fwp%2Fv2%2Ftags&post=7331"}],"curies":[{"name":"wp","href":"https:\/\/api.w.org\/{rel}","templated":true}]}}