{"id":7310,"date":"2007-03-23T18:03:47","date_gmt":"2007-03-23T17:03:47","guid":{"rendered":"https:\/\/destinationcyber.com\/?p=7310"},"modified":"2007-03-23T18:03:47","modified_gmt":"2007-03-23T17:03:47","slug":"les-francais-favorables-a-une-reforme-de-la-fonction-publique","status":"publish","type":"post","link":"https:\/\/destinationcyber.com\/?p=7310","title":{"rendered":"Les Fran\u00e7ais favorables \u00e0 une r\u00e9forme de la Fonction publique ?"},"content":{"rendered":"<p>Les Fran\u00e7ais sont tr\u00e8s partag\u00e9s sur la r\u00e9duction du nombre de fonctionnaires, m\u00eame s&rsquo;ils sont majoritairement favorables \u00e0 une r\u00e9forme de la Fonction publique au cours de la prochaine l\u00e9gislature, selon un sondage Ipsos pour le journal \u00ab\u00a0La Gazette des Communes\u00a0\u00bb, rendu public vendredi.<\/p>\n<p>Selon ce sondage, la question du remplacement des fonctionnaires, \u00e0 l&rsquo;heure du \u00ab\u00a0papy boom\u00a0\u00bb, \u00ab\u00a0divise profond\u00e9ment la soci\u00e9t\u00e9 fran\u00e7aise\u00a0\u00bb, puisque 52% des personnes interrog\u00e9es \u00ab\u00a0souhaitent que l&rsquo;on remplace presque tous les fonctionnaires qui partent \u00e0 la retraite\u00a0\u00bb, tandis que 46% \u00e9mettent un avis contraire.<\/p>\n<p>En outre, 51% des personnes interrog\u00e9es estiment qu&rsquo;une r\u00e9duction du nombre de fonctionnaires \u00ab\u00a0entra\u00eenerait une d\u00e9gradation de la qualit\u00e9 du service rendu\u00a0\u00bb et 13% jugent au contraire qu&rsquo;elle \u00ab\u00a0aboutirait \u00e0 une am\u00e9lioration\u00a0\u00bb.<\/p>\n<p>&#8211; sondage r\u00e9alis\u00e9 par t\u00e9l\u00e9phone les 2 et 3 mars aupr\u00e8s d&rsquo;un \u00e9chantillon national repr\u00e9sentatif de 950 personnes \u00e2g\u00e9es de 18 ans et plus, selon la m\u00e9thode des quotas.<\/p>\n<p>Fanch<\/p>\n","protected":false},"excerpt":{"rendered":"<p>Les Fran\u00e7ais sont tr\u00e8s partag\u00e9s sur la r\u00e9duction du nombre de fonctionnaires, m\u00eame s&rsquo;ils sont majoritairement favorables \u00e0 une r\u00e9forme de la Fonction publique au cours de la prochaine l\u00e9gislature, selon un sondage Ipsos pour le journal \u00ab\u00a0La Gazette des Communes\u00a0\u00bb, rendu public vendredi. Selon ce sondage, la question du remplacement des fonctionnaires, \u00e0 l&rsquo;heure [&hellip;]<\/p>\n","protected":false},"author":1,"featured_media":0,"comment_status":"closed","ping_status":"open","sticky":false,"template":"","format":"standard","meta":{"_citadela_custom_class":"","footnotes":""},"categories":[17],"tags":[],"class_list":["post-7310","post","type-post","status-publish","format-standard","hentry","category-economia"],"_links":{"self":[{"href":"https:\/\/destinationcyber.com\/index.php?rest_route=\/wp\/v2\/posts\/7310","targetHints":{"allow":["GET"]}}],"collection":[{"href":"https:\/\/destinationcyber.com\/index.php?rest_route=\/wp\/v2\/posts"}],"about":[{"href":"https:\/\/destinationcyber.com\/index.php?rest_route=\/wp\/v2\/types\/post"}],"author":[{"embeddable":true,"href":"https:\/\/destinationcyber.com\/index.php?rest_route=\/wp\/v2\/users\/1"}],"replies":[{"embeddable":true,"href":"https:\/\/destinationcyber.com\/index.php?rest_route=%2Fwp%2Fv2%2Fcomments&post=7310"}],"version-history":[{"count":0,"href":"https:\/\/destinationcyber.com\/index.php?rest_route=\/wp\/v2\/posts\/7310\/revisions"}],"wp:attachment":[{"href":"https:\/\/destinationcyber.com\/index.php?rest_route=%2Fwp%2Fv2%2Fmedia&parent=7310"}],"wp:term":[{"taxonomy":"category","embeddable":true,"href":"https:\/\/destinationcyber.com\/index.php?rest_route=%2Fwp%2Fv2%2Fcategories&post=7310"},{"taxonomy":"post_tag","embeddable":true,"href":"https:\/\/destinationcyber.com\/index.php?rest_route=%2Fwp%2Fv2%2Ftags&post=7310"}],"curies":[{"name":"wp","href":"https:\/\/api.w.org\/{rel}","templated":true}]}}