{"id":7307,"date":"2007-03-23T17:43:22","date_gmt":"2007-03-23T16:43:22","guid":{"rendered":"https:\/\/destinationcyber.com\/?p=7307"},"modified":"2007-03-23T17:43:22","modified_gmt":"2007-03-23T16:43:22","slug":"le-ministre-de-linterieur-veut-organiser-des-charters-a-france-3","status":"publish","type":"post","link":"https:\/\/destinationcyber.com\/?p=7307","title":{"rendered":"Le ministre de l&rsquo;Int\u00e9rieur \u00ab\u00a0veut organiser des charters \u00e0 France 3\u00a0\u00bb"},"content":{"rendered":"<p>Deux syndicats de France 3, le SNJ et la CGT, ont critiqu\u00e9, jeudi 22 mars dans des communiqu\u00e9s, le candidat de l&rsquo;UMP Nicolas Sarkozy qui aurait, selon Le Canard Encha\u00een\u00e9, menac\u00e9 de \u00ab\u00a0virer\u00a0\u00bb la direction de la cha\u00eene s&rsquo;il \u00e9tait \u00e9lu.<\/p>\n<p>Selon le SNJ de France 3, qui a intitul\u00e9 son communiqu\u00e9 \u00ab\u00a0Nicolas Sarkozy n&rsquo;aime pas France 3\u00a0\u00bb, le syndicat explique \u00ab\u00a0ne pouvoir accepter des propos ou des attitudes qui mettent en danger nos principes fondamentaux\u00a0\u00bb.<\/p>\n<p>\u00ab\u00a0L&rsquo;ind\u00e9pendance vis \u00e0 vis de tous les pouvoirs ne saurait \u00eatre remise en cause par quiconque\u00a0\u00bb, a ajout\u00e9 le SNJ, racontant une anecdote plus ancienne sur le ministre-candidat qui aurait \u00e9t\u00e9 \u00ab\u00a0jusqu&rsquo;\u00e0 dire, sous couvert d&rsquo;humour, lors d&rsquo;un d\u00e9jeuner de presse en janvier avec des repr\u00e9sentants de la r\u00e9daction : C&rsquo;est pas facile de me suivre quand on est journaliste de gauche&#8230;<\/p>\n<p>La CGT, \u00e0 travers ses deux sections, SNRT-CGT pour les techniciens et SNJ-CGT pour les journalistes, a estim\u00e9 pour sa part que Nicolas Sarkozy, baptis\u00e9 \u00ab\u00a0ministre des expulsions\u00a0\u00bb, \u00ab\u00a0veut organiser des charters \u00e0 France 3\u00a0\u00bb.<\/p>\n<p>Selon la CGT, Nicolas Sarkozy \u00ab\u00a0se croit revenu aux temps peu glorieux de l&rsquo;ORTF o\u00f9 un simple coup de fil des minist\u00e8res suffisait \u00e0 virer des journalistes\u00a0\u00bb.<\/p>\n<p>Fanch<\/p>\n","protected":false},"excerpt":{"rendered":"<p>Deux syndicats de France 3, le SNJ et la CGT, ont critiqu\u00e9, jeudi 22 mars dans des communiqu\u00e9s, le candidat de l&rsquo;UMP Nicolas Sarkozy qui aurait, selon Le Canard Encha\u00een\u00e9, menac\u00e9 de \u00ab\u00a0virer\u00a0\u00bb la direction de la cha\u00eene s&rsquo;il \u00e9tait \u00e9lu. Selon le SNJ de France 3, qui a intitul\u00e9 son communiqu\u00e9 \u00ab\u00a0Nicolas Sarkozy n&rsquo;aime [&hellip;]<\/p>\n","protected":false},"author":1,"featured_media":0,"comment_status":"closed","ping_status":"open","sticky":false,"template":"","format":"standard","meta":{"_citadela_custom_class":"","footnotes":""},"categories":[18],"tags":[],"class_list":["post-7307","post","type-post","status-publish","format-standard","hentry","category-medias"],"_links":{"self":[{"href":"https:\/\/destinationcyber.com\/index.php?rest_route=\/wp\/v2\/posts\/7307","targetHints":{"allow":["GET"]}}],"collection":[{"href":"https:\/\/destinationcyber.com\/index.php?rest_route=\/wp\/v2\/posts"}],"about":[{"href":"https:\/\/destinationcyber.com\/index.php?rest_route=\/wp\/v2\/types\/post"}],"author":[{"embeddable":true,"href":"https:\/\/destinationcyber.com\/index.php?rest_route=\/wp\/v2\/users\/1"}],"replies":[{"embeddable":true,"href":"https:\/\/destinationcyber.com\/index.php?rest_route=%2Fwp%2Fv2%2Fcomments&post=7307"}],"version-history":[{"count":0,"href":"https:\/\/destinationcyber.com\/index.php?rest_route=\/wp\/v2\/posts\/7307\/revisions"}],"wp:attachment":[{"href":"https:\/\/destinationcyber.com\/index.php?rest_route=%2Fwp%2Fv2%2Fmedia&parent=7307"}],"wp:term":[{"taxonomy":"category","embeddable":true,"href":"https:\/\/destinationcyber.com\/index.php?rest_route=%2Fwp%2Fv2%2Fcategories&post=7307"},{"taxonomy":"post_tag","embeddable":true,"href":"https:\/\/destinationcyber.com\/index.php?rest_route=%2Fwp%2Fv2%2Ftags&post=7307"}],"curies":[{"name":"wp","href":"https:\/\/api.w.org\/{rel}","templated":true}]}}