{"id":7270,"date":"2007-03-13T23:32:13","date_gmt":"2007-03-13T22:32:13","guid":{"rendered":"https:\/\/destinationcyber.com\/?p=7270"},"modified":"2007-03-13T23:32:13","modified_gmt":"2007-03-13T22:32:13","slug":"michael-boukobza-a-annoce-quil-quitterait-free-pour-raison-personnelle","status":"publish","type":"post","link":"https:\/\/destinationcyber.com\/?p=7270","title":{"rendered":"Micha\u00ebl Boukobza a annoc\u00e9 qu&rsquo;il quitterait FREE \u00ab\u00a0pour raison personnelle\u00a0\u00bb"},"content":{"rendered":"<p>L&rsquo;actuel directeur g\u00e9n\u00e9ral, Micha\u00ebl Boukobza, a inform\u00e9 le conseil d&rsquo;administration qu&rsquo;il quitterait le fournisseur d&rsquo;acc\u00e8s Internet \u00e0 l&rsquo;\u00e9t\u00e9, selon un communiqu\u00e9 publi\u00e9 ce mardi.<\/p>\n<p>Actionnaire de l&rsquo;op\u00e9rateur d\u00e8s le d\u00e9part, il a vendu depuis octobre pour 25 millions d&rsquo;euros de titres, une op\u00e9ration qui pourrait ressembler \u00e0 la pr\u00e9paration d&rsquo;un d\u00e9part.<\/p>\n<p>Free aura \u00e9t\u00e9 sa premi\u00e8re v\u00e9ritable exp\u00e9rience professionnelle.<\/p>\n<p>En 1999 lorsqu&rsquo;il rencontre Xavier Niels, patron fondateur de Free, et l&rsquo;heure est aux jeunes dirigeants ambitieux et audacieux d\u00e9sirant faire leurs preuves dans la nouvelle \u00e9conomie.<\/p>\n<p>Xavier Niels est un autodidacte, et n&rsquo;a pour crit\u00e8re ni l&rsquo;\u00e2ge ni les dipl\u00f4mes.<\/p>\n<p>Micha\u00ebl Boukobza deviendra alors le porte-parole officiel de l&rsquo;op\u00e9rateur alternatif, son PDG Xavier Niels pr\u00e9f\u00e9rant rester en retrait des m\u00e9dias. <\/p>\n<p>Il n&rsquo;h\u00e9site pas \u00e0 monter au cr\u00e9neau contre TF1 ou M6 au moment o\u00f9 ils sont en conflit sur l&rsquo;ADSL, ou \u00e0 participer \u00e0 nombre de d\u00e9bats publics pour d\u00e9fendre les int\u00e9r\u00eats de l&rsquo;op\u00e9rateur.<\/p>\n<p>Fanch<\/p>\n","protected":false},"excerpt":{"rendered":"<p>L&rsquo;actuel directeur g\u00e9n\u00e9ral, Micha\u00ebl Boukobza, a inform\u00e9 le conseil d&rsquo;administration qu&rsquo;il quitterait le fournisseur d&rsquo;acc\u00e8s Internet \u00e0 l&rsquo;\u00e9t\u00e9, selon un communiqu\u00e9 publi\u00e9 ce mardi. Actionnaire de l&rsquo;op\u00e9rateur d\u00e8s le d\u00e9part, il a vendu depuis octobre pour 25 millions d&rsquo;euros de titres, une op\u00e9ration qui pourrait ressembler \u00e0 la pr\u00e9paration d&rsquo;un d\u00e9part. Free aura \u00e9t\u00e9 sa [&hellip;]<\/p>\n","protected":false},"author":1,"featured_media":0,"comment_status":"closed","ping_status":"open","sticky":false,"template":"","format":"standard","meta":{"_citadela_custom_class":"","footnotes":""},"categories":[12],"tags":[],"class_list":["post-7270","post","type-post","status-publish","format-standard","hentry","category-adsl"],"_links":{"self":[{"href":"https:\/\/destinationcyber.com\/index.php?rest_route=\/wp\/v2\/posts\/7270","targetHints":{"allow":["GET"]}}],"collection":[{"href":"https:\/\/destinationcyber.com\/index.php?rest_route=\/wp\/v2\/posts"}],"about":[{"href":"https:\/\/destinationcyber.com\/index.php?rest_route=\/wp\/v2\/types\/post"}],"author":[{"embeddable":true,"href":"https:\/\/destinationcyber.com\/index.php?rest_route=\/wp\/v2\/users\/1"}],"replies":[{"embeddable":true,"href":"https:\/\/destinationcyber.com\/index.php?rest_route=%2Fwp%2Fv2%2Fcomments&post=7270"}],"version-history":[{"count":0,"href":"https:\/\/destinationcyber.com\/index.php?rest_route=\/wp\/v2\/posts\/7270\/revisions"}],"wp:attachment":[{"href":"https:\/\/destinationcyber.com\/index.php?rest_route=%2Fwp%2Fv2%2Fmedia&parent=7270"}],"wp:term":[{"taxonomy":"category","embeddable":true,"href":"https:\/\/destinationcyber.com\/index.php?rest_route=%2Fwp%2Fv2%2Fcategories&post=7270"},{"taxonomy":"post_tag","embeddable":true,"href":"https:\/\/destinationcyber.com\/index.php?rest_route=%2Fwp%2Fv2%2Ftags&post=7270"}],"curies":[{"name":"wp","href":"https:\/\/api.w.org\/{rel}","templated":true}]}}