{"id":7265,"date":"2007-03-12T08:33:35","date_gmt":"2007-03-12T07:33:35","guid":{"rendered":"https:\/\/destinationcyber.com\/?p=7265"},"modified":"2007-03-12T08:33:35","modified_gmt":"2007-03-12T07:33:35","slug":"les-retraites-complementaires-revalorisees-de-171-a-compter-du-1er-avril-prochain","status":"publish","type":"post","link":"https:\/\/destinationcyber.com\/?p=7265","title":{"rendered":"Les retraites compl\u00e9mentaires revaloris\u00e9es de 1,71% \u00e0 compter du 1er avril prochain"},"content":{"rendered":"<p>Patronat et syndicats se sont mis d&rsquo;accord, ce vendredi, sur la revalorisation des retraites compl\u00e9mentaires Arrco (ensemble des salari\u00e9s du priv\u00e9) et Agirc (cadres), qui a \u00e9t\u00e9 fix\u00e9e \u00e0 1,71% \u00e0 compter du 1er avril prochain.<\/p>\n<p>Les conseils d&rsquo;administration de l&rsquo;Agirc et de l&rsquo;Arrco ont fix\u00e9 \u00e0 compter de la m\u00eame date la valeur de point Arrco \u00e0 1,1480 euro et celle du point Agirc \u00e0 0,4073 euro.<\/p>\n<p>Le montant d&rsquo;une pension de retraite compl\u00e9mentaire est \u00e9gal \u00e0 la valeur du point multipli\u00e9e par le nombre de points de retraite acquis au cours de la carri\u00e8re du salari\u00e9.<\/p>\n<p>Augmenter le prix d&rsquo;achat d&rsquo;un point \u00e9quivaut, pour un actif, \u00e0 acqu\u00e9rir moins de points, ce qui au moment de la liquidation de sa retraite, lui donnera moins de droits.<\/p>\n<p>Fanch<\/p>\n","protected":false},"excerpt":{"rendered":"<p>Patronat et syndicats se sont mis d&rsquo;accord, ce vendredi, sur la revalorisation des retraites compl\u00e9mentaires Arrco (ensemble des salari\u00e9s du priv\u00e9) et Agirc (cadres), qui a \u00e9t\u00e9 fix\u00e9e \u00e0 1,71% \u00e0 compter du 1er avril prochain. Les conseils d&rsquo;administration de l&rsquo;Agirc et de l&rsquo;Arrco ont fix\u00e9 \u00e0 compter de la m\u00eame date la valeur de [&hellip;]<\/p>\n","protected":false},"author":1,"featured_media":0,"comment_status":"closed","ping_status":"open","sticky":false,"template":"","format":"standard","meta":{"_citadela_custom_class":"","footnotes":""},"categories":[17],"tags":[],"class_list":["post-7265","post","type-post","status-publish","format-standard","hentry","category-economia"],"_links":{"self":[{"href":"https:\/\/destinationcyber.com\/index.php?rest_route=\/wp\/v2\/posts\/7265","targetHints":{"allow":["GET"]}}],"collection":[{"href":"https:\/\/destinationcyber.com\/index.php?rest_route=\/wp\/v2\/posts"}],"about":[{"href":"https:\/\/destinationcyber.com\/index.php?rest_route=\/wp\/v2\/types\/post"}],"author":[{"embeddable":true,"href":"https:\/\/destinationcyber.com\/index.php?rest_route=\/wp\/v2\/users\/1"}],"replies":[{"embeddable":true,"href":"https:\/\/destinationcyber.com\/index.php?rest_route=%2Fwp%2Fv2%2Fcomments&post=7265"}],"version-history":[{"count":0,"href":"https:\/\/destinationcyber.com\/index.php?rest_route=\/wp\/v2\/posts\/7265\/revisions"}],"wp:attachment":[{"href":"https:\/\/destinationcyber.com\/index.php?rest_route=%2Fwp%2Fv2%2Fmedia&parent=7265"}],"wp:term":[{"taxonomy":"category","embeddable":true,"href":"https:\/\/destinationcyber.com\/index.php?rest_route=%2Fwp%2Fv2%2Fcategories&post=7265"},{"taxonomy":"post_tag","embeddable":true,"href":"https:\/\/destinationcyber.com\/index.php?rest_route=%2Fwp%2Fv2%2Ftags&post=7265"}],"curies":[{"name":"wp","href":"https:\/\/api.w.org\/{rel}","templated":true}]}}