{"id":7262,"date":"2007-03-09T21:28:35","date_gmt":"2007-03-09T20:28:35","guid":{"rendered":"https:\/\/destinationcyber.com\/?p=7262"},"modified":"2007-03-09T21:28:35","modified_gmt":"2007-03-09T20:28:35","slug":"la-halde-met-les-bouchees-doubles-contre-les-discriminations","status":"publish","type":"post","link":"https:\/\/destinationcyber.com\/?p=7262","title":{"rendered":"La Halde met les bouch\u00e9es doubles contre les discriminations"},"content":{"rendered":"<p>la Haute autorit\u00e9 de lutte contre les discriminations et pour l&rsquo;\u00e9galit\u00e9 (Halde), pr\u00e9sid\u00e9e par Louis Schweitzer, a d\u00e9cid\u00e9 d&rsquo;associer \u00e0 sa d\u00e9marche les \u00ab\u00a0interm\u00e9diaires de l&#8217;emploi\u00a0\u00bb, c&rsquo;est-\u00e0-dire l&rsquo;ANPE, l&rsquo;Apec, les entreprises de travail temporaires, les cabinets de recrutement,<\/p>\n<p>Pour ce faire, la Halde a recens\u00e9 dans un guide les principales actions men\u00e9es par ces interm\u00e9diaires publics et priv\u00e9s pour pr\u00e9venir les discriminations \u00e0 l&#8217;embauche et promouvoir l&rsquo;\u00e9galit\u00e9.<\/p>\n<p>En outre, ce guide comprend aussi un cadre d\u00e9 r\u00e9f\u00e9rence intitul\u00e9 \u00ab\u00a0cadre pour agir et pour rendre compte\u00a0\u00bb, construit avec et pour les acteurs du recrutement.<\/p>\n<p>Il permet \u00e0 chaque professionnel du recrutement dans ses relations avec l&rsquo;entreprise cliente, le candidat \u00e0 l&#8217;emploi et dans son propre fonctionnement interne de veiller \u00e0 ce qu&rsquo;aucun m\u00e9canisme de conduise \u00e0 alimenter les discriminations.<\/p>\n<p>Plusieurs secteurs professionnels ont d\u00e9j\u00e0 engag\u00e9 des d\u00e9marches concr\u00e8tes.<\/p>\n<p>Ainsi, le Prisme, f\u00e9d\u00e9ration professionnelle des entreprises de travail temporaire, a d\u00e9velopp\u00e9 des formations pour sensibiliser les salari\u00e9s permanents de ces entreprises aux risques &#8211; notamment juridiques &#8211; de discrimination.<\/p>\n<p>La branche \u00ab\u00a0cabinets de recrutement\u00a0\u00bb de la F\u00e9d\u00e9ration Syntec a aussi d\u00e9velopp\u00e9 plusieurs actions.<\/p>\n<p>D&rsquo;ailleurs, du c\u00f4t\u00e9 des consultants, une association cr\u00e9\u00e9e il y a un an et regroupant 600 d&rsquo;entre eux, d\u00e9nomm\u00e9e \u00ab\u00a0Comp\u00e9tence \u00e9gale\u00a0\u00bb, a d\u00e9cid\u00e9 de sensibiliser la profession au probl\u00e8me, via, l\u00e0 aussi, des formations sp\u00e9cifiques.<\/p>\n<p>Fanch<\/p>\n","protected":false},"excerpt":{"rendered":"<p>la Haute autorit\u00e9 de lutte contre les discriminations et pour l&rsquo;\u00e9galit\u00e9 (Halde), pr\u00e9sid\u00e9e par Louis Schweitzer, a d\u00e9cid\u00e9 d&rsquo;associer \u00e0 sa d\u00e9marche les \u00ab\u00a0interm\u00e9diaires de l&#8217;emploi\u00a0\u00bb, c&rsquo;est-\u00e0-dire l&rsquo;ANPE, l&rsquo;Apec, les entreprises de travail temporaires, les cabinets de recrutement, Pour ce faire, la Halde a recens\u00e9 dans un guide les principales actions men\u00e9es par ces interm\u00e9diaires [&hellip;]<\/p>\n","protected":false},"author":1,"featured_media":0,"comment_status":"closed","ping_status":"open","sticky":false,"template":"","format":"standard","meta":{"_citadela_custom_class":"","footnotes":""},"categories":[15],"tags":[],"class_list":["post-7262","post","type-post","status-publish","format-standard","hentry","category-securite"],"_links":{"self":[{"href":"https:\/\/destinationcyber.com\/index.php?rest_route=\/wp\/v2\/posts\/7262","targetHints":{"allow":["GET"]}}],"collection":[{"href":"https:\/\/destinationcyber.com\/index.php?rest_route=\/wp\/v2\/posts"}],"about":[{"href":"https:\/\/destinationcyber.com\/index.php?rest_route=\/wp\/v2\/types\/post"}],"author":[{"embeddable":true,"href":"https:\/\/destinationcyber.com\/index.php?rest_route=\/wp\/v2\/users\/1"}],"replies":[{"embeddable":true,"href":"https:\/\/destinationcyber.com\/index.php?rest_route=%2Fwp%2Fv2%2Fcomments&post=7262"}],"version-history":[{"count":0,"href":"https:\/\/destinationcyber.com\/index.php?rest_route=\/wp\/v2\/posts\/7262\/revisions"}],"wp:attachment":[{"href":"https:\/\/destinationcyber.com\/index.php?rest_route=%2Fwp%2Fv2%2Fmedia&parent=7262"}],"wp:term":[{"taxonomy":"category","embeddable":true,"href":"https:\/\/destinationcyber.com\/index.php?rest_route=%2Fwp%2Fv2%2Fcategories&post=7262"},{"taxonomy":"post_tag","embeddable":true,"href":"https:\/\/destinationcyber.com\/index.php?rest_route=%2Fwp%2Fv2%2Ftags&post=7262"}],"curies":[{"name":"wp","href":"https:\/\/api.w.org\/{rel}","templated":true}]}}