{"id":7261,"date":"2007-03-09T17:37:02","date_gmt":"2007-03-09T16:37:02","guid":{"rendered":"https:\/\/destinationcyber.com\/?p=7261"},"modified":"2007-03-09T17:37:02","modified_gmt":"2007-03-09T16:37:02","slug":"nicolas-sarkozy-veut-creer-un-ministere-de-limmigration-et-de-lidentite-nationale","status":"publish","type":"post","link":"https:\/\/destinationcyber.com\/?p=7261","title":{"rendered":"Nicolas Sarkozy veut cr\u00e9er un \u00ab\u00a0minist\u00e8re de l&rsquo;Immigration et de l&rsquo;Identit\u00e9 nationale\u00a0\u00bb"},"content":{"rendered":"<p>La proposition de Nicolas Sarkozy de cr\u00e9er un \u00ab\u00a0minist\u00e8re de l&rsquo;Immigration et de l&rsquo;Identit\u00e9 nationale\u00a0\u00bb a \u00e9t\u00e9 vivement critiqu\u00e9e vendredi par ses adversaires, tout comme la perspective d&rsquo;une nouvelle loi sur le sujet.<\/p>\n<p>\u00ab\u00a0Une fronti\u00e8re a \u00e9t\u00e9 franchie\u00a0\u00bb, a jug\u00e9 Fran\u00e7ois Bayrou, tandis que Fran\u00e7ois Hollande d\u00e9plorait \u00ab\u00a0un flirt pouss\u00e9 avec les th\u00e8ses du Front national\u00a0\u00bb.<\/p>\n<p>Lors de l&rsquo;\u00e9mission \u00ab\u00a0A vous de juger\u00a0\u00bb sur France-2, le candidat de l&rsquo;UMP a redit jeudi son souhait de renforcer \u00e0 nouveau les conditions d&rsquo;acc\u00e8s au regroupement familial par une loi qui imposerait aux familles des \u00e9trangers install\u00e9s en France d&rsquo;apprendre le fran\u00e7ais, \u00ab\u00a0ou en tout cas des rudiments de fran\u00e7ais avant de venir en France\u00a0\u00bb.<\/p>\n<p>Il a r\u00e9affirm\u00e9 sa volont\u00e9 de cr\u00e9er un grand minist\u00e8re regroupant toutes les comp\u00e9tences li\u00e9es \u00e0 l&rsquo;immigration, qui aurait aussi des comp\u00e9tences en mati\u00e8re d \u00ab\u00a0Identit\u00e9 nationale\u00a0\u00bb.<\/p>\n<p>Pour le d\u00e9put\u00e9 UMP Thierry Mariani, rapporteur des lois de 2003 et 2006 sur l&rsquo;immigration, le nom de ce nouveau minist\u00e8re \u00ab\u00a0fixe vraiment l&rsquo;enjeu: faire de l&rsquo;immigrant un Fran\u00e7ais et que l&rsquo;identit\u00e9 nationale soit transmise\u00a0\u00bb.<\/p>\n<p>\u00ab\u00a0L&rsquo;enjeu, c&rsquo;est de reformer une machine \u00e0 int\u00e9grer\u00a0\u00bb, a-t-il expliqu\u00e9.<\/p>\n<p>\u00ab\u00a0C&rsquo;est un constat d&rsquo;\u00e9chec\u00a0\u00bb, estime au contraire le premier secr\u00e9taire du Parti socialiste Fran\u00e7ois Hollande, qui a rappel\u00e9 vendredi sur France-Info que Nicolas Sarkozy, \u00ab\u00a0ministre de l&rsquo;Int\u00e9rieur depuis cinq ans, a fait voter deux lois sur l&rsquo;immigration\u00a0\u00bb.<\/p>\n<p>\u00ab\u00a0Et maintenant dans la campagne pr\u00e9sidentielle, tout \u00e0 trac, il nous annonce une nouvelle loi, un nouveau minist\u00e8re\u00a0\u00bb.<\/p>\n<p>Les d\u00e9clarations de Nicolas Sarkozy visent \u00e0 \u00ab\u00a0donner des gages aux th\u00e8ses x\u00e9nophobes et racistes du Front national\u00a0\u00bb, ce qui \u00ab\u00a0est indigne d&rsquo;un candidat r\u00e9publicain\u00a0\u00bb, a-t-elle jug\u00e9.<\/p>\n<p>Interrog\u00e9 sur LCI, Nicolas Dupont-Aignan (ex-UMP), pr\u00e9sident de \u00ab\u00a0Debout la R\u00e9publique\u00a0\u00bb a pr\u00e9conis\u00e9 \u00ab\u00a0la suspension du regroupement familial qu&rsquo;il faut oser accomplir\u00a0\u00bb.<\/p>\n<p>Fanch<\/p>\n","protected":false},"excerpt":{"rendered":"<p>La proposition de Nicolas Sarkozy de cr\u00e9er un \u00ab\u00a0minist\u00e8re de l&rsquo;Immigration et de l&rsquo;Identit\u00e9 nationale\u00a0\u00bb a \u00e9t\u00e9 vivement critiqu\u00e9e vendredi par ses adversaires, tout comme la perspective d&rsquo;une nouvelle loi sur le sujet. \u00ab\u00a0Une fronti\u00e8re a \u00e9t\u00e9 franchie\u00a0\u00bb, a jug\u00e9 Fran\u00e7ois Bayrou, tandis que Fran\u00e7ois Hollande d\u00e9plorait \u00ab\u00a0un flirt pouss\u00e9 avec les th\u00e8ses du Front [&hellip;]<\/p>\n","protected":false},"author":1,"featured_media":0,"comment_status":"closed","ping_status":"open","sticky":false,"template":"","format":"standard","meta":{"_citadela_custom_class":"","footnotes":""},"categories":[16],"tags":[],"class_list":["post-7261","post","type-post","status-publish","format-standard","hentry","category-bricabrac"],"_links":{"self":[{"href":"https:\/\/destinationcyber.com\/index.php?rest_route=\/wp\/v2\/posts\/7261","targetHints":{"allow":["GET"]}}],"collection":[{"href":"https:\/\/destinationcyber.com\/index.php?rest_route=\/wp\/v2\/posts"}],"about":[{"href":"https:\/\/destinationcyber.com\/index.php?rest_route=\/wp\/v2\/types\/post"}],"author":[{"embeddable":true,"href":"https:\/\/destinationcyber.com\/index.php?rest_route=\/wp\/v2\/users\/1"}],"replies":[{"embeddable":true,"href":"https:\/\/destinationcyber.com\/index.php?rest_route=%2Fwp%2Fv2%2Fcomments&post=7261"}],"version-history":[{"count":0,"href":"https:\/\/destinationcyber.com\/index.php?rest_route=\/wp\/v2\/posts\/7261\/revisions"}],"wp:attachment":[{"href":"https:\/\/destinationcyber.com\/index.php?rest_route=%2Fwp%2Fv2%2Fmedia&parent=7261"}],"wp:term":[{"taxonomy":"category","embeddable":true,"href":"https:\/\/destinationcyber.com\/index.php?rest_route=%2Fwp%2Fv2%2Fcategories&post=7261"},{"taxonomy":"post_tag","embeddable":true,"href":"https:\/\/destinationcyber.com\/index.php?rest_route=%2Fwp%2Fv2%2Ftags&post=7261"}],"curies":[{"name":"wp","href":"https:\/\/api.w.org\/{rel}","templated":true}]}}