{"id":7255,"date":"2007-03-08T12:31:56","date_gmt":"2007-03-08T11:31:56","guid":{"rendered":"https:\/\/destinationcyber.com\/?p=7255"},"modified":"2007-03-08T12:31:56","modified_gmt":"2007-03-08T11:31:56","slug":"jacques-chirac-sadressera-aux-francais-dimanche-a-20h00","status":"publish","type":"post","link":"https:\/\/destinationcyber.com\/?p=7255","title":{"rendered":"Jacques Chirac \u00ab\u00a0s&rsquo;adressera aux Fran\u00e7ais\u00a0\u00bb dimanche \u00e0 20H00"},"content":{"rendered":"<p>Jacques Chirac \u00ab\u00a0s&rsquo;adressera aux Fran\u00e7ais\u00a0\u00bb dimanche \u00e0 20H00 \u00e0 la t\u00e9l\u00e9vision sur ses intentions pour l&rsquo;\u00e9lection pr\u00e9sidentielle, a annonc\u00e9 l&rsquo;Elys\u00e9e jeudi.<\/p>\n<p>La pr\u00e9sidence n&rsquo;a donn\u00e9 aucune pr\u00e9cision sur la dur\u00e9e de l&rsquo;allocation du chef de l&rsquo;Etat, qui enregistre en g\u00e9n\u00e9ral ses interventions t\u00e9l\u00e9vis\u00e9es depuis l&rsquo;Elys\u00e9e peu avant leur diffusion \u00e0 20H00.<\/p>\n<p>Elu \u00e0 la pr\u00e9sidence en 1995 et achevant son deuxi\u00e8me mandat, M. Chirac n&rsquo;a jamais fait part explicitement de ses intentions sur un \u00e9ventuel troisi\u00e8me mandat, se contentant d&rsquo;indiquer qu&rsquo;il se prononcerait \u00ab\u00a0au premier trimestre\u00a0\u00bb.<\/p>\n<p>\u00ab\u00a0Le jour o\u00f9 je n&rsquo;aurai plus de responsabilit\u00e9s de cette nature, eh bien j&rsquo;essaierai de servir la France, les Fran\u00e7ais d&rsquo;une autre mani\u00e8re\u00a0\u00bb, avait \u00e9galement d\u00e9clar\u00e9 le chef de l&rsquo;Etat, entr\u00e9 en politique il y a plus de 40 ans.<\/p>\n<p>M. Chirac doit participer jeudi et vendredi au sommet europ\u00e9en de Bruxelles, le dernier de son mandat.<\/p>\n<p>L&rsquo;annonce de son intervention t\u00e9l\u00e9vis\u00e9e est intervenue dans la matin\u00e9e, avant qu&rsquo;il retrouve dans l&rsquo;apr\u00e8s-midi les dirigeants europ\u00e9ens.<\/p>\n<p>Elle intervient \u00e9galement un jour o\u00f9 les candidats S\u00e9gol\u00e8ne Royal et Nicolas Sarkozy participent \u00e0 des \u00e9missions de t\u00e9l\u00e9vision, l&rsquo;une pour pr\u00e9senter le grand journal sur Canal+, l&rsquo;autre pour l&rsquo;\u00e9mission \u00ab\u00a0A vous de juger\u00a0\u00bb sur France 2 tandis que Fran\u00e7ois Bayrou se rend \u00e0 Bruxelles pour \u00e9voquer l&rsquo;Europe.<\/p>\n<p>Fanch<\/p>\n","protected":false},"excerpt":{"rendered":"<p>Jacques Chirac \u00ab\u00a0s&rsquo;adressera aux Fran\u00e7ais\u00a0\u00bb dimanche \u00e0 20H00 \u00e0 la t\u00e9l\u00e9vision sur ses intentions pour l&rsquo;\u00e9lection pr\u00e9sidentielle, a annonc\u00e9 l&rsquo;Elys\u00e9e jeudi. La pr\u00e9sidence n&rsquo;a donn\u00e9 aucune pr\u00e9cision sur la dur\u00e9e de l&rsquo;allocation du chef de l&rsquo;Etat, qui enregistre en g\u00e9n\u00e9ral ses interventions t\u00e9l\u00e9vis\u00e9es depuis l&rsquo;Elys\u00e9e peu avant leur diffusion \u00e0 20H00. Elu \u00e0 la pr\u00e9sidence [&hellip;]<\/p>\n","protected":false},"author":1,"featured_media":0,"comment_status":"closed","ping_status":"open","sticky":false,"template":"","format":"standard","meta":{"_citadela_custom_class":"","footnotes":""},"categories":[16],"tags":[],"class_list":["post-7255","post","type-post","status-publish","format-standard","hentry","category-bricabrac"],"_links":{"self":[{"href":"https:\/\/destinationcyber.com\/index.php?rest_route=\/wp\/v2\/posts\/7255","targetHints":{"allow":["GET"]}}],"collection":[{"href":"https:\/\/destinationcyber.com\/index.php?rest_route=\/wp\/v2\/posts"}],"about":[{"href":"https:\/\/destinationcyber.com\/index.php?rest_route=\/wp\/v2\/types\/post"}],"author":[{"embeddable":true,"href":"https:\/\/destinationcyber.com\/index.php?rest_route=\/wp\/v2\/users\/1"}],"replies":[{"embeddable":true,"href":"https:\/\/destinationcyber.com\/index.php?rest_route=%2Fwp%2Fv2%2Fcomments&post=7255"}],"version-history":[{"count":0,"href":"https:\/\/destinationcyber.com\/index.php?rest_route=\/wp\/v2\/posts\/7255\/revisions"}],"wp:attachment":[{"href":"https:\/\/destinationcyber.com\/index.php?rest_route=%2Fwp%2Fv2%2Fmedia&parent=7255"}],"wp:term":[{"taxonomy":"category","embeddable":true,"href":"https:\/\/destinationcyber.com\/index.php?rest_route=%2Fwp%2Fv2%2Fcategories&post=7255"},{"taxonomy":"post_tag","embeddable":true,"href":"https:\/\/destinationcyber.com\/index.php?rest_route=%2Fwp%2Fv2%2Ftags&post=7255"}],"curies":[{"name":"wp","href":"https:\/\/api.w.org\/{rel}","templated":true}]}}