{"id":7254,"date":"2007-03-08T12:27:56","date_gmt":"2007-03-08T11:27:56","guid":{"rendered":"https:\/\/destinationcyber.com\/?p=7254"},"modified":"2007-03-08T12:27:56","modified_gmt":"2007-03-08T11:27:56","slug":"le-depute-des-hauts-de-seine-patrick-ollier-a-ete-elu-president-de-lassemblee-nationale","status":"publish","type":"post","link":"https:\/\/destinationcyber.com\/?p=7254","title":{"rendered":"Le d\u00e9put\u00e9 des Hauts-de-Seine Patrick Ollier a \u00e9t\u00e9 \u00e9lu pr\u00e9sident de l&rsquo;Assembl\u00e9e nationale"},"content":{"rendered":"<p>Patrick Ollier, d\u00e9put\u00e9 UMP des Hauts-de-Seine, a \u00e9t\u00e9 \u00e9lu mercredi pr\u00e9sident de l&rsquo;Assembl\u00e9e nationale, en remplacement de Jean-Louis Debr\u00e9, devenu pr\u00e9sident du Conseil constitutionnel.<\/p>\n<p>Plus t\u00f4t dans la matin\u00e9e, le pr\u00e9sident de la commission des Affaires \u00e9conomiques de l&rsquo;Assembl\u00e9e avait \u00e9t\u00e9 \u00e9lu au premier tour d&rsquo;une primaire interne \u00e0 l&rsquo;UMP, face \u00e0 ses deux comp\u00e9titeurs Claude Gaillard et Yves Bur.<\/p>\n<p>Compagnon \u00e0 la ville de Mich\u00e8le Alliot-Marie, ministre de la D\u00e9fense, Patrick Ollier a d&rsquo;abord \u00e9t\u00e9 d\u00e9put\u00e9 \u00e9lu dans les Hautes-Alpes, avant de se rapprocher de la capitale et de devenir maire de Rueil-Malmaison, succ\u00e9dant \u00e0 Jacques Baumel.<\/p>\n<p>Avant de lancer sa primaire interne, le groupe UMP a en outre d\u00e9cid\u00e9 de supprimer les avantages li\u00e9s \u00e0 vie \u00e0 la fonction de pr\u00e9sident, comme une voiture, un bureau \u00e0 l&rsquo;Assembl\u00e9e et un secr\u00e9tariat \u00e0 vie.<\/p>\n<p>Fanch<\/p>\n","protected":false},"excerpt":{"rendered":"<p>Patrick Ollier, d\u00e9put\u00e9 UMP des Hauts-de-Seine, a \u00e9t\u00e9 \u00e9lu mercredi pr\u00e9sident de l&rsquo;Assembl\u00e9e nationale, en remplacement de Jean-Louis Debr\u00e9, devenu pr\u00e9sident du Conseil constitutionnel. Plus t\u00f4t dans la matin\u00e9e, le pr\u00e9sident de la commission des Affaires \u00e9conomiques de l&rsquo;Assembl\u00e9e avait \u00e9t\u00e9 \u00e9lu au premier tour d&rsquo;une primaire interne \u00e0 l&rsquo;UMP, face \u00e0 ses deux comp\u00e9titeurs [&hellip;]<\/p>\n","protected":false},"author":1,"featured_media":0,"comment_status":"closed","ping_status":"open","sticky":false,"template":"","format":"standard","meta":{"_citadela_custom_class":"","footnotes":""},"categories":[16],"tags":[],"class_list":["post-7254","post","type-post","status-publish","format-standard","hentry","category-bricabrac"],"_links":{"self":[{"href":"https:\/\/destinationcyber.com\/index.php?rest_route=\/wp\/v2\/posts\/7254","targetHints":{"allow":["GET"]}}],"collection":[{"href":"https:\/\/destinationcyber.com\/index.php?rest_route=\/wp\/v2\/posts"}],"about":[{"href":"https:\/\/destinationcyber.com\/index.php?rest_route=\/wp\/v2\/types\/post"}],"author":[{"embeddable":true,"href":"https:\/\/destinationcyber.com\/index.php?rest_route=\/wp\/v2\/users\/1"}],"replies":[{"embeddable":true,"href":"https:\/\/destinationcyber.com\/index.php?rest_route=%2Fwp%2Fv2%2Fcomments&post=7254"}],"version-history":[{"count":0,"href":"https:\/\/destinationcyber.com\/index.php?rest_route=\/wp\/v2\/posts\/7254\/revisions"}],"wp:attachment":[{"href":"https:\/\/destinationcyber.com\/index.php?rest_route=%2Fwp%2Fv2%2Fmedia&parent=7254"}],"wp:term":[{"taxonomy":"category","embeddable":true,"href":"https:\/\/destinationcyber.com\/index.php?rest_route=%2Fwp%2Fv2%2Fcategories&post=7254"},{"taxonomy":"post_tag","embeddable":true,"href":"https:\/\/destinationcyber.com\/index.php?rest_route=%2Fwp%2Fv2%2Ftags&post=7254"}],"curies":[{"name":"wp","href":"https:\/\/api.w.org\/{rel}","templated":true}]}}