{"id":7253,"date":"2007-03-08T11:49:04","date_gmt":"2007-03-08T10:49:04","guid":{"rendered":"https:\/\/destinationcyber.com\/?p=7253"},"modified":"2007-03-08T11:49:04","modified_gmt":"2007-03-08T10:49:04","slug":"francois-bayrou-detaille-tout-son-programme","status":"publish","type":"post","link":"https:\/\/destinationcyber.com\/?p=7253","title":{"rendered":"Fran\u00e7ois Bayrou d\u00e9taille tout son programme"},"content":{"rendered":"<p>Voici l&rsquo;int\u00e9gralit\u00e9 du d\u00e9bat intervenu hier \u00e0 Lyon. Fran\u00e7ois Bayrou a rencontr\u00e9 hier huit responsables d&rsquo;entreprises de terrain de la r\u00e9gion Rh\u00f4ne-Alpes, et a r\u00e9pondu aux questions des internautes.<\/p>\n<p><em>Jean-Charles Potelle (<a href=\"http:\/\/www.boldoduc.fr\/\">soci\u00e9t\u00e9 Boldoduc<\/a>)<\/em> &#8211; Que pensez-vous des p\u00f4les de comp\u00e9titivit\u00e9?<\/p>\n<p><strong>Fran\u00e7ois Bayrou<\/strong> &#8211; C&rsquo;est une bonne et juste id\u00e9e, mais je m&rsquo;interroge sur leur mise en oeuvre.<\/p>\n<p>Non pas tant \u00e0 cause du reproche de saupoudrage.<\/p>\n<p>La cr\u00e9ativit\u00e9 peut jaillir de petits ensembles.<\/p>\n<p>Mais parce que les p\u00f4les de comp\u00e9titivit\u00e9 ne b\u00e9n\u00e9ficient pas suffisamment aux PME : 90% de l&rsquo;effort est capt\u00e9 par de grandes entreprises, alors que leur vocation est de permettre \u00e0 des PME d&rsquo;acc\u00e9der \u00e0 des r\u00e9seaux de recherche, de b\u00e9n\u00e9ficier de transferts de technologie.<\/p>\n<p>C&rsquo;est la raison pour laquelle je ne s\u00e9pare pas le social de l&rsquo;\u00e9conomie.<\/p>\n<p>J&rsquo;en ai m\u00eame fait un seul mot, la social-\u00e9conomie.<\/p>\n<hr \/>\n<p><em>Philippe Gilbert (<a href=\"http:\/\/www.alinto.com\/site\/accueil\/index.php\">soci\u00e9t\u00e9 Alinto<\/a>)<\/em> &#8211; Vous parlez d&rsquo;un Small Business Act (SBA) \u00e0 la fran\u00e7aise.<\/p>\n<p>Que comptez-vous faire pour qu&rsquo;il soit vraiment appliqu\u00e9, notamment par l&rsquo;administration?<\/p>\n<p><strong>Fran\u00e7ois Bayrou<\/strong>  &#8211; C&rsquo;est pour moi un sujet clef.<\/p>\n<p>J&rsquo;ai d\u00e9cid\u00e9 de faire dans cette campagne \u00e9lectorale le contraire de mes concurrents.<\/p>\n<p>Au lieu de proposer cent mesures ou cent milliards d&rsquo;euros de d\u00e9penses nouvelles r\u00e9pondant \u00e0 chaque demande de tel ou tel segment de l&rsquo;opinion, je propose 7 \u00e0 8 orientations fortes et simples, lisibles par tous les citoyens.<\/p>\n<p>Pourquoi un SBA \u00e0 la fran\u00e7aise, ou plut\u00f4t une loi de protection et de soutien de la petite entreprise?<\/p>\n<p>Parce qu&rsquo;il y a 150 milliards d&rsquo;euros d&rsquo;\u00e9cart entre l&rsquo;exc\u00e9dent ext\u00e9rieur allemand et les 30 milliards de d\u00e9ficit enregistr\u00e9s par notre pays l&rsquo;an dernier.<\/p>\n<p>Une partie de la force de l&rsquo;Allemagne vient du nombre de ses PME moyennes fortes \u00e0 l&rsquo;international.<\/p>\n<p>Le drame de la France vient de ce que 95% de nos 2,650 millions d&rsquo;entreprises comptent moins de 10 salari\u00e9s.<\/p>\n<p>Si on veut de grands arbres, il faut prot\u00e9ger les jeunes pousses.<\/p>\n<p>D&rsquo;o\u00f9 l&rsquo;id\u00e9e d&rsquo;adapter en France le Small Business Act mis en place depuis 1953 aux Etats-Unis.<\/p>\n<p><em>Un<\/em>, simplifier les obligations impos\u00e9es aux entreprises : aujourd&rsquo;hui, les contraintes avantagent les gros par rapport aux petits.<\/p>\n<p>Pourquoi la simplification a-t-elle toujours \u00e9chou\u00e9?<\/p>\n<p>Parce qu&rsquo;on demande \u00e0 l&rsquo;administration de l&rsquo;assumer alors que ce n&rsquo;est pas sa comp\u00e9tence.<\/p>\n<p>Je demande qu&rsquo;on fasse faire les simplifications par les usagers, en mettant autour de la table artisans et entreprises concern\u00e9s.<\/p>\n<p><em>Deux<\/em>, le soutien \u00e0 l&#8217;emploi. J&rsquo;attends beaucoup de la possibilit\u00e9 de cr\u00e9er deux emplois nouveaux en CDI sans charges (sauf 10% pour la retraite), quelle que soit la taille de l&rsquo;entreprise et le type d&#8217;emploi.<\/p>\n<p>Pour \u00e9viter les effets d&rsquo;aubaine, il faudra plafonner sans doute \u00e0 5.000 euros de salaire net.<\/p>\n<p><em>Trois<\/em>, comme aux Etats-Unis, tout march\u00e9 public de moins de 50.000 euros sera r\u00e9serv\u00e9 aux PME et au-del\u00e0, il faudra leur en garantir 20%.<\/p>\n<p>Il faudra pour cela vaincre les r\u00e9sistances \u00e0 l&rsquo;OMC, mais je ne vois pas pourquoi, avec le soutien de l&rsquo;Europe, la France ne pourrait pas r\u00e9clamer ce que les Etats-Unis et le Canada ont obtenu.<\/p>\n<p><em>Enfin<\/em>, cette loi PME obligera l&rsquo;Etat \u00e0 respecter lui-m\u00eame les obligations qu&rsquo;il impose aux autres, notamment en mati\u00e8re de d\u00e9lais de paiement.<\/p>\n<hr \/>\n<p><em>Georges Fontaines (<a href=\"http:\/\/www.techne.fr\/index.php\">soci\u00e9t\u00e9 Techn\u00e9<\/a><\/em>) &#8211; Ne faut-il pas ajouter un cinqui\u00e8me point, concernant l&rsquo;octroi des aides aux entreprises, notamment au niveau des r\u00e9gions?<\/p>\n<p><strong>Fran\u00e7ois Bayrou<\/strong>  &#8211; Vous avez raison et c&rsquo;est la raison pour laquelle je veux simplifier le paysage politique et administratif des collectivit\u00e9s locales.<\/p>\n<p>Le d\u00e9partement et la r\u00e9gion doivent avoir une administration unifi\u00e9e, pour faire de la r\u00e9gion l&rsquo;\u00e9chelon strat\u00e9gique.<\/p>\n<p>Il y a dans cette capacit\u00e9 \u00e0 simplifier notre organisation de grosses r\u00e9serves de croissance et d&#8217;emploi.<\/p>\n<p><em>Georges Fontaines<\/em> &#8211; A la foire de Shanghai, il y avait 7 entreprises fran\u00e7aises, 50 italiennes et plus de 100 allemandes.<\/p>\n<p><strong>Fran\u00e7ois Bayrou<\/strong>  &#8211; Ce que vous dites est l&rsquo;image m\u00eame de ces r\u00e9serves de croissance de ces r\u00e9serves de croissance en jach\u00e8re.<\/p>\n<p>Nous avons un Etat archa\u00efque qui gaspille les \u00e9nergies, \u00e0 hue et \u00e0 dia.<\/p>\n<p><em>Vanessa Rousset (<a href=\"http:\/\/www.evolem.fr\/index.php\">soci\u00e9t\u00e9 Evolem<\/a>)<\/em> &#8211; Quels sont vos projets pour r\u00e9former l&rsquo;ISF ? <\/p>\n<p><strong>Fran\u00e7ois Bayrou<\/strong>  &#8211; A la suite de nombreuses remarques insistantes et argument\u00e9es, j&rsquo;ai d\u00e9cid\u00e9 de ne pas int\u00e9grer l&rsquo;outil de travail et les oeuvres d&rsquo;art dans le calcul de cet imp\u00f4t que je pr\u00e9f\u00e8re appeler imp\u00f4t sur le patrimoine et non sur la fortune, un terme subjectif.<\/p>\n<p>En revanche, je maintiens ma proposition de fixer pour cet imp\u00f4t un taux unique de un pour mille, qui sera en terme de solidarit\u00e9 plus facilement compr\u00e9hensible par tous.<\/p>\n<p>Au seuil de d\u00e9clenchement de cet imp\u00f4t, \u00e0 savoir 750.000 euros de patrimoine, on paiera donc 750 euros.<\/p>\n<p>Il faut en tout cas \u00e9viter de faire comme la r\u00e9cente r\u00e9forme du bouclier fiscal qui a seulement exon\u00e9r\u00e9 les tr\u00e8s riches de l&rsquo;ISF et pas les moyennement riches.<\/p>\n<p><em>Georges Fontaine<\/em> &#8211; Que voulez-vous faire en mati\u00e8re de taxe professionnelle ?<\/p>\n<p><strong>Fran\u00e7ois Bayrou<\/strong>  &#8211; L&rsquo;id\u00e9e de Jacques Chirac d&rsquo;int\u00e9grer la valeur ajout\u00e9e dans l&rsquo;assiette de cet imp\u00f4t pouvait paraitre s\u00e9duisante.<\/p>\n<p>En g\u00e9n\u00e9ral, il faut se garder de gros changement en mati\u00e8re de fiscalit\u00e9.<\/p>\n<p>Il faut au contraire privil\u00e9gier la stabilit\u00e9 afin d&rsquo;offrir de la visibilit\u00e9 aux acteurs \u00e9conomiques.<\/p>\n<p>Mais la stabilit\u00e9 ne veut pas dire l&rsquo;immobilisme.<\/p>\n<p>Je propose d&rsquo;ailleurs une r\u00e9forme du Conseil \u00e9conomique et social afin qu&rsquo;il puisse \u00eatre saisi de tels sujets.<\/p>\n<p>La soci\u00e9t\u00e9 fran\u00e7aise a au contraire besoin de comprendre, elle a besoin de temps.<\/p>\n<p><em>Fran\u00e7ois-Xavier Pietri<\/em> &#8211; Vous demandez pourtant la disparition des niches fiscales ?<\/p>\n<p><strong>Fran\u00e7ois Bayrou<\/strong>  &#8211; Les Fran\u00e7ais savent que si nous ne faisons rien, nous l\u00e9guerons \u00e0 nos enfants une montagne de dette.<\/p>\n<p>Sans aller jusqu&rsquo;\u00e0 supprimer les centaines de niches fiscales qui existent en France, je retiens l&rsquo;id\u00e9e d&rsquo;un plafonnement global des niches, avec un plancher pour les contribuables faiblement impos\u00e9s.<\/p>\n<p><em>G\u00e9rard Bonos<\/em> &#8211; Question des internautes du site de Radio Classique : qui va payer votre proposition d&rsquo;exon\u00e9rer de charges les deux nouveaux emplois cr\u00e9\u00e9s par les entreprises : une hausse de la TVA ?<\/p>\n<p><strong>Fran\u00e7ois Bayrou<\/strong>  &#8211; Ma mesure ne co\u00fbtera rien \u00e0 la soci\u00e9t\u00e9, au contraire.<\/p>\n<p>Et ce pour une raison simple : les deux tiers voire les trois quart de ces emplois nouveaux cr\u00e9\u00e9s profiteront \u00e0 des gens qui \u00e9taient jusqu&rsquo;alors sans emploi, ne cotisant pas pour les retraites.<\/p>\n<hr \/>\n<p><em>V\u00e9ronique Garnodier <a href=\"http:\/\/www.charlott.fr\/charlottlingerie\/successstory.html\">(soci\u00e9t\u00e9 Charlott&rsquo;)<\/a><\/em> &#8211; Que pensez-vous de la vente directe ? Quelles mesures comptez-vous prendre pour sa reconnaissance et pour faciliter le recrutement ?<\/p>\n<p>Pas un candidat \u00e0 l&rsquo;\u00e9lection pr\u00e9sidentielle n&rsquo;a pens\u00e9 \u00e0 la vente directe.<\/p>\n<p><strong>Fran\u00e7ois Bayrou<\/strong>  &#8211; Mon ami Charles de Courson a fait adopter dans la loi de finances rectificative pour 2006 une mesure d&rsquo;exon\u00e9ration totale de taxe professionnelle pour les d\u00e9marcheurs ayant une r\u00e9mun\u00e9ration annuelle per\u00e7ue \u00e0 ce titre inf\u00e9rieure \u00e0 5 126 euros.<\/p>\n<p><em>Georges Fontaines<\/em> &#8211; Nous rencontrons \u00e9norm\u00e9ment de difficult\u00e9s \u00e0 recruter des ouvriers professionnels, bien form\u00e9s, des techniciens, des ing\u00e9nieurs&#8230; Que pourriez-vous faire pour am\u00e9liorer cette situation ?<\/p>\n<p><strong>Fran\u00e7ois Bayrou<\/strong>  &#8211; J&rsquo;ai \u00e9t\u00e9 ministre de l&rsquo;Education nationale et, pour r\u00e9pondre \u00e0 cette question, j&rsquo;avais d\u00e9cid\u00e9 que, partout sur le territoire national, lorsqu&rsquo;une entreprise ou un groupe d&rsquo;entreprises contacterait l&rsquo;Education, ou la r\u00e9gion, ou les deux en exprimant le besoin de recruter 30 professionnels, l&rsquo;Education nationale ait l&rsquo;obligation de cr\u00e9er cette formation \u00e0 la rentr\u00e9e suivante.<\/p>\n<p>Il s&rsquo;agissait d&rsquo;une obligation de r\u00e9sultat et non d&rsquo;une obligation de moyens, de sorte qu&rsquo;il y avait un droit de saisine des entreprises sur la formation professionnelle.<\/p>\n<p>L&rsquo;id\u00e9e que la formation est d\u00e9cid\u00e9e par tous sauf par l&rsquo;entreprise ou que tout le monde a son mot \u00e0 dire, sauf l&rsquo;entreprise, est tr\u00e8s loin de la r\u00e9alit\u00e9.<\/p>\n<p>Cela demande simplement une volont\u00e9 de b\u00e2tir un programme,  \u00ab on a six mois devant soi \u00bb  il faut trouver des formateurs et il faut que l&rsquo;ANPE, tous les services de l&#8217;emploi, aient les moyens d&rsquo;inciter et de pousser fortement les jeunes, les gens au ch\u00f4mage vers ces activit\u00e9s professionnelles l\u00e0.<\/p>\n<p><em>Alain Tur (<a href=\"http:\/\/www.ast-promotion.fr\/accueil.php\">soci\u00e9t\u00e9 AST<\/a>)<\/em> &#8211; Que comptez vous faire pour favoriser l&rsquo;accession \u00e0 la propri\u00e9t\u00e9 et le d\u00e9veloppement du logement social ?<\/p>\n<p><strong>Fran\u00e7ois Bayrou<\/strong> &#8211; Pour moi, ce qui compte le plus, c&rsquo;est la mixit\u00e9 sociale. Il va falloir qu&rsquo;on sorte de la s\u00e9gr\u00e9gation&#8230;<\/p>\n<p><em>Alain Tur<\/em> &#8211; C&rsquo;est un voeu pieu. <\/p>\n<p><strong>Fran\u00e7ois Bayrou<\/strong> &#8211; Je le dis en tant que citoyen et responsable public, on ne peut pas continuer \u00e0 vivre dans un pays qui fabrique des ghettos pour pauvres et des ghettos pour riches.<\/p>\n<p>Je ne laisserai pas le pays continuer \u00e0 s&rsquo;enfermer dans cette esp\u00e8ce de s\u00e9gr\u00e9gation perp\u00e9tuelle&#8230;<\/p>\n<p>Ce qui s&rsquo;impose \u00e0 nous est la volont\u00e9 de faire d\u00e9sormais se rencontrer des populations diff\u00e9rentes.<\/p>\n<p><em>Alain Tur<\/em> &#8211; Ne faut-il pas favoriser l&rsquo;accession sociale \u00e0 la propri\u00e9t\u00e9 de mani\u00e8re \u00e0 lib\u00e9rer des logements sociaux pour que de nouvelles familles en b\u00e9n\u00e9ficient ?<\/p>\n<p><strong>Fran\u00e7ois Bayrou<\/strong> &#8211; En tout cas, si je suis \u00e9lu, je ne m\u00e9nagerai aucun effort pour que les populations se rencontrent, se croisent sur le trottoir, qu&rsquo;elles se respectent et s&rsquo;estiment.<\/p>\n<p><em>Gilbert Alberici (<a href=\"http:\/\/www.orphan-opi.com\/indexfr.php\">soci\u00e9t\u00e9 OPI<\/a>)<\/em> &#8211; Les Fran\u00e7ais sont habitu\u00e9s \u00e0 un vrai syst\u00e8me de sant\u00e9 de tr\u00e8s haute qualit\u00e9 et acceptent d&rsquo;en payer le prix. Continuez-vous sur cette d\u00e9marche ?<\/p>\n<p><strong>Fran\u00e7ois Bayrou<\/strong> &#8211; Je n&rsquo;ai pas envie de changer le mod\u00e8le pour prendre les mod\u00e8les britannique ou am\u00e9ricain.<\/p>\n<p>Les performances du syst\u00e8me de sant\u00e9 fran\u00e7ais sont impressionnantes et pour un co\u00fbt pour la collectivit\u00e9 qui est un tiers plus bas que le co\u00fbt am\u00e9ricain.<\/p>\n<p>En France, notre investissement dans le syst\u00e8me de sant\u00e9 se situe aux alentours de 10% du PIB, les Am\u00e9ricains sont \u00e0 16% et tous leurs sc\u00e9narios parlent de 20%.<\/p>\n<p>Je n&rsquo;ai pas de baguette magique, mais j&rsquo;ai une certitude : il faut associer les acteurs \u00e0 la r\u00e9flexion sur ce sujet, notamment les acteurs de l&rsquo;h\u00f4pital.<\/p>\n<p>En tout cas, je d\u00e9fends l&rsquo;id\u00e9e qu&rsquo;il faut garder notre mod\u00e8le ; ce n&rsquo;est pas en l&rsquo;abandonnant que nous allons trouver les r\u00e9ponses parce que la soci\u00e9t\u00e9 fran\u00e7aise a son identit\u00e9 et sa logique.<\/p>\n<p><em>G\u00e9rard Bonos<\/em> &#8211; Avec la r\u00e9forme hospitali\u00e8re \u00e9ventuellement y compris de la carte hospitali\u00e8re ?<\/p>\n<p><strong>Fran\u00e7ois Bayrou<\/strong> &#8211; Pour moi, la carte doit \u00eatre d\u00e9cid\u00e9e r\u00e9gionalement avec des \u00e9tablissements dont la vocation ne sera pas la m\u00eame, avec d&rsquo;un c\u00f4t\u00e9 des \u00e9tablissements de proximit\u00e9 et de l&rsquo;autre des plateaux techniques importants.<\/p>\n<p>Il faudra \u00e9galement une r\u00e9flexion particuli\u00e8re sur les urgences qui sont devenues le premier recours de toute demande de soins.<\/p>\n<p>Il faut d&rsquo;autres structures de recours interm\u00e9diaires qui puissent ensuite saisir les urgences en cas de vraies urgences&#8230;<\/p>\n<p><em>Gilles Chaufferin (<a href=\"http:\/\/www.boiron.com\/fr\/htm\/groupe_boiron\/histoire.htm\">soci\u00e9t\u00e9 Laboratoires Boiron<\/a>)<\/em> &#8211; Quelle sera votre politique sur le remboursement du m\u00e9dicament en g\u00e9n\u00e9ral et sur le m\u00e9dicament hom\u00e9opathique plus particuli\u00e8rement ?<\/p>\n<p><strong>Fran\u00e7ois Bayrou<\/strong> &#8211; Il faut une politique du m\u00e9dicament qui prenne en compte la satisfaction du patient et les \u00e9conomies pour la S\u00e9curit\u00e9 sociale. Je trouve stupide qu&rsquo;un certain nombre de d\u00e9cisions excluent des m\u00e9dicaments du remboursement, ce qui incite nos concitoyens \u00e0 avoir recours \u00e0 des mol\u00e9cules qui vont co\u00fbter beaucoup plus cher pour le m\u00eame usage.<\/p>\n<hr \/>\n<p><em>Philippe Gomez (Internaute)<\/em> &#8211; Quelles mesures comptez-vous prendre pour faire face \u00e0 la d\u00e9gradation de l&rsquo;environnement et \u00e0 la rar\u00e9faction des ressources \u00e9nerg\u00e9tique fossiles ?<\/p>\n<p><strong>Fran\u00e7ois Bayrou<\/strong> &#8211; La question n&rsquo;est pas seulement celle de la rar\u00e9faction, mais le fait que l&rsquo;utilisation sans freins et sans mesure des ressources fossiles (charbon, gaz, p\u00e9trole) a plong\u00e9 la Terre dans une crise climatique de premi\u00e8re importance.<\/p>\n<p>Il faut \u00e0 tout prix une strat\u00e9gie de r\u00e9gulation et de remplacement des ressources fossiles.<\/p>\n<p>Voil\u00e0 pourquoi je consid\u00e8re comme une mission de premier plan du nouveau pr\u00e9sident de la R\u00e9publique de d\u00e9fendre devant les instances internationales l&rsquo;importance d&rsquo;une r\u00e9flexion strat\u00e9gique sur le climat.<\/p>\n<p>Quelques chiffres pour avoir un ordre de grandeur : quand un pays africain pauvre rejette 1 en gaz \u00e0 effet de serre, l&rsquo;Inde et la Chine en rejettent 3 ou 4, la France 9 ou 10, parce que nous avons le nucl\u00e9aire, l&rsquo;Europe 14 \u00e0 15 et les Etats-Unis, 25.<\/p>\n<p>Pour nombre de physiciens que j&rsquo;ai rencontr\u00e9s, le retraitement efficace des d\u00e9chets n&rsquo;est qu&rsquo;\u00e0 quelques d\u00e9cennies, d&rsquo;ici 20 \u00e0 30 ans.<\/p>\n<p>Mais je suis favorable \u00e0 la sauvegarde de notre outil de production d&rsquo;\u00e9lectricit\u00e9 sous sa forme majoritairement nucl\u00e9aire actuelle, le reste \u00e9tant hydro-\u00e9lectrique, \u00e0 condition qu&rsquo;on ait la transparence sur les questions de s\u00e9curit\u00e9.<\/p>\n<p>Je l&rsquo;ai fait le premier, en toute conscience, apr\u00e8s avoir r\u00e9fl\u00e9chi pendant des ann\u00e9es avec des scientifiques, en essayant de comprendre les enjeux.<\/p>\n<p>Ses pr\u00e9conisations me paraissaient justes et elles doivent fournir le cadre d&rsquo;une approche politique nouvelle.<\/p>\n<p>Derri\u00e8re cela, il y a un projet de soci\u00e9t\u00e9 plus responsable et plus solidaire.<\/p>\n<p><em>Gilles Alberici<\/em> &#8211; Un Europ\u00e9en convaincu comme vous devrait porter ce sujet au niveau europ\u00e9en&#8230;<\/p>\n<p><strong>Fran\u00e7ois Bayrou<\/strong>  &#8211; Vous pourrez lire dans mon livre \u00ab\u00a0Projet d&rsquo;espoir\u00a0\u00bb qui sort aujourd&rsquo;hui la r\u00e9ponse pr\u00e9cise \u00e0 la question du pacte : obligation politique et morale en mati\u00e8re de climat et de gaz \u00e0 effet de serre et biodiversit\u00e9.<\/p>\n<p><em>Christian Bouscharain (Internaute)<\/em>. &#8211; Quand et comment allez-vous continuer la r\u00e9forme des retraites en France, sachant que nous sommes dans un nouveau paradigme d\u00e9mographique et que la question de l&rsquo;\u00e9quit\u00e9 et des r\u00e9gimes sp\u00e9ciaux est pos\u00e9e ?<\/p>\n<p><strong>Fran\u00e7ois Bayrou<\/strong>  &#8211; La r\u00e9forme des retraites est obligatoire quel que soit le gouvernement.<\/p>\n<p>J&rsquo;ai vot\u00e9 la r\u00e9forme Fillon, dont on annon\u00e7ait qu&rsquo;elle \u00e9tait formidable, en n&rsquo;\u00e9tant pas satisfait de la mani\u00e8re dont elle \u00e9tait organis\u00e9e.<\/p>\n<p>J&rsquo;avais affirm\u00e9 qu&rsquo;elle ne faisait qu&rsquo;un quart du chemin, ce que confirme un r\u00e9cent rapport du Conseil d&rsquo;orientation des retraites.<\/p>\n<p>C&rsquo;est un sujet qui nous place en situation de non assistance \u00e0 l&rsquo;\u00e9gard de nos enfants en danger et d\u00e9j\u00e0 \u00e0 l&rsquo;\u00e9gard de notre g\u00e9n\u00e9ration.<\/p>\n<p>Premi\u00e8rement, une retraite qui adapte \u00e0 la retraite actuelle les principes d&rsquo;une retraite compl\u00e9mentaire \u00e0 points.<\/p>\n<p>Ainsi, chacun des Fran\u00e7ais, \u00e0 partir de l&rsquo;\u00e2ge l\u00e9gal qui ouvre le droit au d\u00e9part \u00e0 la retraite, pourra conna\u00eetre exactement le montant de ses pensions et leur \u00e9volution et choisir si la pension est suffisante ou s&rsquo;il doit prolonger son activit\u00e9.<\/p>\n<p>Cela am\u00e8ne \u00e0 une r\u00e9flexion assez profonde sur la forme de notre soci\u00e9t\u00e9 \u00e0 l&rsquo;\u00e9gard des personnes plus \u00e2g\u00e9es et la place des personnes plus \u00e2g\u00e9es dans l&rsquo;entreprise.<\/p>\n<p>Cela va demander des mois de r\u00e9flexion civique avec les citoyens.<\/p>\n<p><em>Philippe Mabille<\/em> &#8211; Quelle est votre analyse sur la crise que traversent Airbus et EADS ?<\/p>\n<p><strong>Fran\u00e7ois Bayrou<\/strong>  &#8211; On paie des ann\u00e9es d&rsquo;imp\u00e9rities, de m\u00e9lange des genres, avec des luttes de pouvoirs entre industriels d&rsquo;une part, entre politiques de l&rsquo;autre, sans se pr\u00e9occuper de l&rsquo;avenir de l&rsquo;entreprise, une guerre des clans alors qu&rsquo;Airbus compte 2200 avions en commandes soit cinq ann\u00e9es de charges de travail devant elles et qu&rsquo;elle r\u00e9alise deux avions par jour.<\/p>\n<p>Boeing aussi a travers\u00e9 une crise par le pass\u00e9 mais le gouvernement am\u00e9ricain a fait son devoir.<\/p>\n<p>Les pays impliqu\u00e9s dans Airbus, la France et l&rsquo;Allemagne au premier chef, doivent faire de m\u00eame.<\/p>\n<p>Mais attention : au sein d&rsquo;EADS, la maison-m\u00e8re d&rsquo;Airbus, les actionnaires priv\u00e9s ont b\u00e9n\u00e9fici\u00e9 d&rsquo;une d\u00e9l\u00e9gation exclusive de gestion&#8230;<\/p>\n<p>alors que leur strat\u00e9gie \u00e9tait de sortir de l&rsquo;entreprise!<\/p>\n<p>Ils ont d\u00e9j\u00e0 vendu la moiti\u00e9 de leurs actions avant que le cours d&rsquo;EADS plonge, ce qui soul\u00e8ve des questions.<\/p>\n<p>En France, Lagard\u00e8re a c\u00e9d\u00e9 une partie de ses titres \u00e0 la Caisse des d\u00e9p\u00f4ts et consignations qui a du enregistr\u00e9 une moins value de 600 millions d&rsquo;euros, soit le montant d&rsquo;investissement dont Airbus a justement besoin aujourd&rsquo;hui pour se redresser.<\/p>\n<p><em>Vanessa Rousset<\/em> &#8211; Pour finir, peut-on savoir quels chefs d&rsquo;entreprises vous conseillent et si vous allez en nommer comme ministres en cas de victoire?<\/p>\n<p><strong>Fran\u00e7ois Bayrou<\/strong>  &#8211; Je vais vous faire une confidence : ma pens\u00e9e \u00e9conomique, je me la suis form\u00e9e tout seul.<\/p>\n<p>Mais aujourd&rsquo;hui, de nombreux chefs d&rsquo;entreprises petites ou grandes  \u00ab avec un homme comme Jean Peyrelevade qui a redress\u00e9 le Cr\u00e9dit Lyonnais et qui est plut\u00f4t de sensibilit\u00e9 de gauche \u00e0 l&rsquo;origine  \u00bb, des \u00e9conomistes de renom \u00ab  comme Christian Saint-Etienne ou Jean-Claude Casanova \u00bb, d&rsquo;anciens ministres comme Jean Arthuis, sont \u00e0 mes c\u00f4t\u00e9s.<\/p>\n<p>Fanch<\/p>\n","protected":false},"excerpt":{"rendered":"<p>Voici l&rsquo;int\u00e9gralit\u00e9 du d\u00e9bat intervenu hier \u00e0 Lyon. Fran\u00e7ois Bayrou a rencontr\u00e9 hier huit responsables d&rsquo;entreprises de terrain de la r\u00e9gion Rh\u00f4ne-Alpes, et a r\u00e9pondu aux questions des internautes. Jean-Charles Potelle (soci\u00e9t\u00e9 Boldoduc) &#8211; Que pensez-vous des p\u00f4les de comp\u00e9titivit\u00e9? Fran\u00e7ois Bayrou &#8211; C&rsquo;est une bonne et juste id\u00e9e, mais je m&rsquo;interroge sur leur mise [&hellip;]<\/p>\n","protected":false},"author":1,"featured_media":0,"comment_status":"closed","ping_status":"open","sticky":false,"template":"","format":"standard","meta":{"_citadela_custom_class":"","footnotes":""},"categories":[16],"tags":[],"class_list":["post-7253","post","type-post","status-publish","format-standard","hentry","category-bricabrac"],"_links":{"self":[{"href":"https:\/\/destinationcyber.com\/index.php?rest_route=\/wp\/v2\/posts\/7253","targetHints":{"allow":["GET"]}}],"collection":[{"href":"https:\/\/destinationcyber.com\/index.php?rest_route=\/wp\/v2\/posts"}],"about":[{"href":"https:\/\/destinationcyber.com\/index.php?rest_route=\/wp\/v2\/types\/post"}],"author":[{"embeddable":true,"href":"https:\/\/destinationcyber.com\/index.php?rest_route=\/wp\/v2\/users\/1"}],"replies":[{"embeddable":true,"href":"https:\/\/destinationcyber.com\/index.php?rest_route=%2Fwp%2Fv2%2Fcomments&post=7253"}],"version-history":[{"count":0,"href":"https:\/\/destinationcyber.com\/index.php?rest_route=\/wp\/v2\/posts\/7253\/revisions"}],"wp:attachment":[{"href":"https:\/\/destinationcyber.com\/index.php?rest_route=%2Fwp%2Fv2%2Fmedia&parent=7253"}],"wp:term":[{"taxonomy":"category","embeddable":true,"href":"https:\/\/destinationcyber.com\/index.php?rest_route=%2Fwp%2Fv2%2Fcategories&post=7253"},{"taxonomy":"post_tag","embeddable":true,"href":"https:\/\/destinationcyber.com\/index.php?rest_route=%2Fwp%2Fv2%2Ftags&post=7253"}],"curies":[{"name":"wp","href":"https:\/\/api.w.org\/{rel}","templated":true}]}}