{"id":7240,"date":"2007-03-06T15:33:53","date_gmt":"2007-03-06T14:33:53","guid":{"rendered":"https:\/\/destinationcyber.com\/?p=7240"},"modified":"2007-03-06T15:33:53","modified_gmt":"2007-03-06T14:33:53","slug":"les-salaries-dairbus-defilent-pour-manifester-contre-le-plan-de-restructuration-de-lavionneur-europeen","status":"publish","type":"post","link":"https:\/\/destinationcyber.com\/?p=7240","title":{"rendered":"Les salari\u00e9s d&rsquo;Airbus d\u00e9filent pour manifester contre le plan de restructuration de l&rsquo;avionneur europ\u00e9en"},"content":{"rendered":"<p>Alors que les salari\u00e9s d&rsquo;Airbus des sites de M\u00e9aulte (Somme), de Saint-Nazaire (Loire-Atlantique) et de Toulouse ont entam\u00e9 aujourd&rsquo;hui entre une demi-journ\u00e9e et une journ\u00e9e de gr\u00e8ve, des manifestations ont lieu depuis ce matin dans ces trois villes pour protester contre le plan de redressement de l&rsquo;avionneur Power 8.<\/p>\n<p>A Toulouse, si\u00e8ge social de l&rsquo;avionneur, un cort\u00e8ge regroupant 12.000 salari\u00e9s d&rsquo;Airbus, d&rsquo;\u00e9lus et de syndicalistes selon la police, 15.000 selon les organisateurs, d\u00e9file dans le centre-ville.<\/p>\n<p>\u00ab\u00a0J&rsquo;esp\u00e8re que cette mobilisation suffira \u00e0 faire bouger les lignes, il n&rsquo;est pas normal qu&rsquo;Airbus en France soit l\u00e9s\u00e9\u00a0\u00bb, a indiqu\u00e9 le co-pr\u00e9sident du comit\u00e9 europ\u00e9en d&rsquo;Airbus, Jean-Fran\u00e7ois Knepper (FO), pr\u00e9cisant au sujet du partage franco-allemand que \u00ab\u00a0le but n&rsquo;est pas de manger l&rsquo;autre, mais que chacun ait \u00e0 manger\u00a0\u00bb.<\/p>\n<p>Une manifestation europ\u00e9enne des salari\u00e9s d&rsquo;Airbus et de l&rsquo;a\u00e9ronautique devrait avoir lieu \u00e0 Bruxelles le 16 mars.<\/p>\n<p>Ce matin, avant que ne d\u00e9bute la journ\u00e9e d&rsquo;action, le ministre de l&rsquo;Economie, des Finances et de l&rsquo;Industrie Thierry Breton a indiqu\u00e9 sur France Inter \u00ab\u00a0souhaiter\u00a0\u00bb que le groupe d&rsquo;a\u00e9ronautique et de d\u00e9fense EADS, maison m\u00e8re d&rsquo;Airbus, proc\u00e8de le \u00ab\u00a0moment venu (&#8230;) \u00e0 une augmentation de capital\u00a0\u00bb, \u00e0 laquelle participera l&rsquo;Etat au prorata de sa participation.<\/p>\n<p>Toutefois, pour le ministre, EADS n&rsquo;a \u00ab\u00a0pas besoin\u00a0\u00bb d&rsquo;\u00eatre capitalis\u00e9 avant \u00ab\u00a0deux ou trois ans\u00a0\u00bb.<\/p>\n<p>L&rsquo;entreprise a une tr\u00e9sorerie abondante jusqu&rsquo;en 2010&Prime;, a t-il d\u00e9clar\u00e9.<\/p>\n<p>Thierry Breton a par ailleurs mentionn\u00e9 d&rsquo;autres options pour augmenter la participation de l&rsquo;Etat dans EADS.<\/p>\n<p>Cette journ\u00e9e de mobilisation intervient alors que 10.000 postes devraient \u00eatre supprim\u00e9s en quatre ans selon le plan de restructuration Power8, dont la moiti\u00e9 parmi les int\u00e9rimaires et les sous-traitants.<\/p>\n<p>Fanch<\/p>\n","protected":false},"excerpt":{"rendered":"<p>Alors que les salari\u00e9s d&rsquo;Airbus des sites de M\u00e9aulte (Somme), de Saint-Nazaire (Loire-Atlantique) et de Toulouse ont entam\u00e9 aujourd&rsquo;hui entre une demi-journ\u00e9e et une journ\u00e9e de gr\u00e8ve, des manifestations ont lieu depuis ce matin dans ces trois villes pour protester contre le plan de redressement de l&rsquo;avionneur Power 8. A Toulouse, si\u00e8ge social de l&rsquo;avionneur, [&hellip;]<\/p>\n","protected":false},"author":1,"featured_media":0,"comment_status":"closed","ping_status":"open","sticky":false,"template":"","format":"standard","meta":{"_citadela_custom_class":"","footnotes":""},"categories":[17],"tags":[],"class_list":["post-7240","post","type-post","status-publish","format-standard","hentry","category-economia"],"_links":{"self":[{"href":"https:\/\/destinationcyber.com\/index.php?rest_route=\/wp\/v2\/posts\/7240","targetHints":{"allow":["GET"]}}],"collection":[{"href":"https:\/\/destinationcyber.com\/index.php?rest_route=\/wp\/v2\/posts"}],"about":[{"href":"https:\/\/destinationcyber.com\/index.php?rest_route=\/wp\/v2\/types\/post"}],"author":[{"embeddable":true,"href":"https:\/\/destinationcyber.com\/index.php?rest_route=\/wp\/v2\/users\/1"}],"replies":[{"embeddable":true,"href":"https:\/\/destinationcyber.com\/index.php?rest_route=%2Fwp%2Fv2%2Fcomments&post=7240"}],"version-history":[{"count":0,"href":"https:\/\/destinationcyber.com\/index.php?rest_route=\/wp\/v2\/posts\/7240\/revisions"}],"wp:attachment":[{"href":"https:\/\/destinationcyber.com\/index.php?rest_route=%2Fwp%2Fv2%2Fmedia&parent=7240"}],"wp:term":[{"taxonomy":"category","embeddable":true,"href":"https:\/\/destinationcyber.com\/index.php?rest_route=%2Fwp%2Fv2%2Fcategories&post=7240"},{"taxonomy":"post_tag","embeddable":true,"href":"https:\/\/destinationcyber.com\/index.php?rest_route=%2Fwp%2Fv2%2Ftags&post=7240"}],"curies":[{"name":"wp","href":"https:\/\/api.w.org\/{rel}","templated":true}]}}