{"id":7228,"date":"2007-03-02T10:26:33","date_gmt":"2007-03-02T09:26:33","guid":{"rendered":"https:\/\/destinationcyber.com\/?p=7228"},"modified":"2007-03-02T10:26:33","modified_gmt":"2007-03-02T09:26:33","slug":"airbus-erreurs-de-gestion-licenciements-massifs","status":"publish","type":"post","link":"https:\/\/destinationcyber.com\/?p=7228","title":{"rendered":"Airbus: erreurs de gestion = licenciements massifs"},"content":{"rendered":"<p>Les repr\u00e9sentants des salari\u00e9s d&rsquo;Airbus en Allemagne se sont engag\u00e9s jeudi \u00e0 lutter contre les suppressions de postes pr\u00e9vues dans le plan de restructuration de l&rsquo;avionneur europ\u00e9en.<\/p>\n<p>Pour la deuxi\u00e8me journ\u00e9e cons\u00e9cutive, les employ\u00e9s de trois sites ont fait gr\u00e8ve.<\/p>\n<p>Le plan Power 8 pr\u00e9voit notamment la suppression progressive de 4.300 postes sur quatre ans en France, 3.700 en Allemagne, 400 en Espagne et 1.600 au Royaume-Uni.<\/p>\n<p>C&rsquo;est une <strong>\u00ab\u00a0r\u00e9duction de personnel \u00e0 un niveau que nous n&rsquo;accepterons pas\u00a0\u00bb<\/strong>, a pr\u00e9venu lors d&rsquo;une conf\u00e9rence de presse le chef du comit\u00e9 central d&rsquo;entreprise du constructeur en Allemagne R\u00fcdiger L\u00fctjen. <strong>\u00ab\u00a0Airbus n&rsquo;a pas un probl\u00e8me en raison d&rsquo;un trop grand nombre de salari\u00e9s. Nous avons des probl\u00e8mes (&#8230;) en raison d&rsquo;erreurs de gestion\u00a0\u00bb<\/strong>, a-t-il d\u00e9nonc\u00e9.<\/p>\n<p>Les syndicats pr\u00e9voient d&rsquo;organiser une \u00ab\u00a0journ\u00e9e europ\u00e9enne d&rsquo;action\u00a0\u00bb dans environ deux semaines, a pr\u00e9cis\u00e9 Jutta Blankau, responsable r\u00e9gionale du syndicat allemand IG Metall dans le nord de l&rsquo;Allemagne.<\/p>\n<p>Les employ\u00e9s de trois sites allemands (Varel et Laupheim, menac\u00e9s de fermeture ou de revente, ainsi que Nordenham, pour lequel Airbus cherche de nouveaux investisseurs) ont d\u00e9bray\u00e9 jeudi.<\/p>\n<p>Selon les repr\u00e9sentants de salari\u00e9s, la production a \u00e9t\u00e9 suspendue.<\/p>\n<p>Fanch<\/p>\n","protected":false},"excerpt":{"rendered":"<p>Les repr\u00e9sentants des salari\u00e9s d&rsquo;Airbus en Allemagne se sont engag\u00e9s jeudi \u00e0 lutter contre les suppressions de postes pr\u00e9vues dans le plan de restructuration de l&rsquo;avionneur europ\u00e9en. Pour la deuxi\u00e8me journ\u00e9e cons\u00e9cutive, les employ\u00e9s de trois sites ont fait gr\u00e8ve. Le plan Power 8 pr\u00e9voit notamment la suppression progressive de 4.300 postes sur quatre ans [&hellip;]<\/p>\n","protected":false},"author":1,"featured_media":0,"comment_status":"closed","ping_status":"open","sticky":false,"template":"","format":"standard","meta":{"_citadela_custom_class":"","footnotes":""},"categories":[17],"tags":[],"class_list":["post-7228","post","type-post","status-publish","format-standard","hentry","category-economia"],"_links":{"self":[{"href":"https:\/\/destinationcyber.com\/index.php?rest_route=\/wp\/v2\/posts\/7228","targetHints":{"allow":["GET"]}}],"collection":[{"href":"https:\/\/destinationcyber.com\/index.php?rest_route=\/wp\/v2\/posts"}],"about":[{"href":"https:\/\/destinationcyber.com\/index.php?rest_route=\/wp\/v2\/types\/post"}],"author":[{"embeddable":true,"href":"https:\/\/destinationcyber.com\/index.php?rest_route=\/wp\/v2\/users\/1"}],"replies":[{"embeddable":true,"href":"https:\/\/destinationcyber.com\/index.php?rest_route=%2Fwp%2Fv2%2Fcomments&post=7228"}],"version-history":[{"count":0,"href":"https:\/\/destinationcyber.com\/index.php?rest_route=\/wp\/v2\/posts\/7228\/revisions"}],"wp:attachment":[{"href":"https:\/\/destinationcyber.com\/index.php?rest_route=%2Fwp%2Fv2%2Fmedia&parent=7228"}],"wp:term":[{"taxonomy":"category","embeddable":true,"href":"https:\/\/destinationcyber.com\/index.php?rest_route=%2Fwp%2Fv2%2Fcategories&post=7228"},{"taxonomy":"post_tag","embeddable":true,"href":"https:\/\/destinationcyber.com\/index.php?rest_route=%2Fwp%2Fv2%2Ftags&post=7228"}],"curies":[{"name":"wp","href":"https:\/\/api.w.org\/{rel}","templated":true}]}}