{"id":7213,"date":"2007-02-27T13:43:48","date_gmt":"2007-02-27T12:43:48","guid":{"rendered":"https:\/\/destinationcyber.com\/?p=7213"},"modified":"2007-02-27T13:43:48","modified_gmt":"2007-02-27T12:43:48","slug":"airbus-devoile-son-plan-de-restructuration","status":"publish","type":"post","link":"https:\/\/destinationcyber.com\/?p=7213","title":{"rendered":"Airbus d\u00e9voile son plan de restructuration"},"content":{"rendered":"<p>Sortie de crise pour EADS et pour ses actionnaires.<\/p>\n<p>Pour les salari\u00e9s, le plus dur va d\u00e9buter.<\/p>\n<p>Ce projet sera pr\u00e9alablement pr\u00e9sent\u00e9 au Comit\u00e9 d&rsquo;entreprise europ\u00e9en d&rsquo;Airbus mercredi matin, puis aux repr\u00e9sentants du personnel au niveau national.<\/p>\n<p>EADS, maison m\u00e8re d&rsquo;Airbus, a annonc\u00e9 lundi soir que son conseil d&rsquo;administration avait donn\u00e9 son feu vert au plan de restructuration \u00ab\u00a0Power 8\u00a0\u00bb chez Airbus, qui devrait passer par d&rsquo;importantes suppressions d&#8217;emplois et plusieurs ventes d&rsquo;usines.<\/p>\n<p>Seuls les objectifs ont \u00e9t\u00e9 rappel\u00e9s: le programme g\u00e9n\u00e9rera 2,1 milliards d&rsquo;euros de contribution annuelle de r\u00e9sultat d&rsquo;exploitation (EBIT) \u00e0 partir de 2010 et en outre 5 milliards d&rsquo;euros de trr\u00e9sorerie cumul\u00e9e de 2007 \u00e0 2010.<\/p>\n<p>Power 8 pr\u00e9voirait un plan social d&rsquo;ampleur qui pourrait porter sur la suppression de 10.000 emplois, tant chez Airbus que chez ses sous-traitants.<\/p>\n<p>Un sujet particuli\u00e8rement sensible en France et en Allemagne o\u00f9 40.000 des 55.000 salari\u00e9s de l&rsquo;avionneur sont r\u00e9partis sur onze sites.<\/p>\n<p>La publication du plan, attendue initialement mardi 20 f\u00e9vrier, avait \u00e9t\u00e9 report\u00e9e sine die faute d&rsquo;accord entre Fran\u00e7ais et Allemands sur la r\u00e9partition de la charge de travail du futur long courrier A350 XWB.<\/p>\n<p>Lors du dernier sommet franco-allemand, vendredi \u00e0 Meseberg (pr\u00e8s de Berlin), la chanceli\u00e8re allemande Angela Merkel et le pr\u00e9sident fran\u00e7ais Jacques Chirac se sont employ\u00e9s \u00e0 calmer le jeu en s&rsquo;accordant sur la n\u00e9cessit\u00e9 d&rsquo;un partage \u00e9quitable des \u00ab\u00a0sacrifices\u00a0\u00bb dans le plan de restructuration et en affirmant leur \u00ab\u00a0vigilance\u00a0\u00bb sur l&#8217;emploi.<\/p>\n<p>Selon nos informations, les sites fran\u00e7ais de <a href=\"http:\/\/perso.orange.fr\/cemeaulte\/html\/ahm1.html\">M\u00e9aulte<\/a> et <a href=\"http:\/\/www.saint-nazaire-tourisme.com\/index.php?Ids=ZddKcxBYnbhWKHHiiKhN&#038;Menu=Mcpid&#038;Action=777&#038;DIdn1=&#038;DIdn2=&#038;DIdn3=&#038;OIdn1=&#038;OIdn2=&#038;Idn3=&#038;N=&#038;idn3=85&#038;ide=1&#038;dr1=2&#038;dr2=19\">Saint-Nazaire ville<\/a> seront c\u00e9d\u00e9s ainsi que ceux de <a href=\"http:\/\/wikimapia.org\/784338\/\">Varel<\/a> et <a href=\"http:\/\/www.haw-hamburg.de\/pers\/Isenberg\/Termine__News___Stellenangebot\/Praktikum_NOR\/body_praktikum_nor.htm\">Nordenham<\/a> en Allemagne.<\/p>\n<p>Enfin, pour rationaliser la production, le patron d&rsquo;Airbus annoncera une nouvelle r\u00e9partition de la charge de travail entre les quatre pays partenaires.<\/p>\n<p>Pour sa part, la France va obtenir pour Toulouse l&rsquo;assemblage des gros-porteurs A350 et A380.<\/p>\n<p>Fanch<\/p>\n","protected":false},"excerpt":{"rendered":"<p>Sortie de crise pour EADS et pour ses actionnaires. Pour les salari\u00e9s, le plus dur va d\u00e9buter. Ce projet sera pr\u00e9alablement pr\u00e9sent\u00e9 au Comit\u00e9 d&rsquo;entreprise europ\u00e9en d&rsquo;Airbus mercredi matin, puis aux repr\u00e9sentants du personnel au niveau national. EADS, maison m\u00e8re d&rsquo;Airbus, a annonc\u00e9 lundi soir que son conseil d&rsquo;administration avait donn\u00e9 son feu vert au [&hellip;]<\/p>\n","protected":false},"author":1,"featured_media":0,"comment_status":"closed","ping_status":"open","sticky":false,"template":"","format":"standard","meta":{"_citadela_custom_class":"","footnotes":""},"categories":[17],"tags":[],"class_list":["post-7213","post","type-post","status-publish","format-standard","hentry","category-economia"],"_links":{"self":[{"href":"https:\/\/destinationcyber.com\/index.php?rest_route=\/wp\/v2\/posts\/7213","targetHints":{"allow":["GET"]}}],"collection":[{"href":"https:\/\/destinationcyber.com\/index.php?rest_route=\/wp\/v2\/posts"}],"about":[{"href":"https:\/\/destinationcyber.com\/index.php?rest_route=\/wp\/v2\/types\/post"}],"author":[{"embeddable":true,"href":"https:\/\/destinationcyber.com\/index.php?rest_route=\/wp\/v2\/users\/1"}],"replies":[{"embeddable":true,"href":"https:\/\/destinationcyber.com\/index.php?rest_route=%2Fwp%2Fv2%2Fcomments&post=7213"}],"version-history":[{"count":0,"href":"https:\/\/destinationcyber.com\/index.php?rest_route=\/wp\/v2\/posts\/7213\/revisions"}],"wp:attachment":[{"href":"https:\/\/destinationcyber.com\/index.php?rest_route=%2Fwp%2Fv2%2Fmedia&parent=7213"}],"wp:term":[{"taxonomy":"category","embeddable":true,"href":"https:\/\/destinationcyber.com\/index.php?rest_route=%2Fwp%2Fv2%2Fcategories&post=7213"},{"taxonomy":"post_tag","embeddable":true,"href":"https:\/\/destinationcyber.com\/index.php?rest_route=%2Fwp%2Fv2%2Ftags&post=7213"}],"curies":[{"name":"wp","href":"https:\/\/api.w.org\/{rel}","templated":true}]}}