{"id":7203,"date":"2007-02-26T12:05:30","date_gmt":"2007-02-26T11:05:30","guid":{"rendered":"https:\/\/destinationcyber.com\/?p=7203"},"modified":"2007-02-26T12:05:30","modified_gmt":"2007-02-26T11:05:30","slug":"tf1-est-aux-ordres","status":"publish","type":"post","link":"https:\/\/destinationcyber.com\/?p=7203","title":{"rendered":"TF1 est \u00ab\u00a0aux ordres\u00a0\u00bb"},"content":{"rendered":"<p>Le candidat \u00ab\u00a0gaulliste et r\u00e9publicain\u00a0\u00bb \u00e0 la pr\u00e9sidentielle Nicolas Dupont-Aignan, issu de l&rsquo;UMP, a accus\u00e9 lundi la cha\u00eene de t\u00e9l\u00e9vision TF1 d&rsquo;\u00eatre \u00ab\u00a0aux ordres\u00a0\u00bb du pr\u00e9sident de l&rsquo;UMP Nicolas Sarkozy.<\/p>\n<p><strong>\u00ab\u00a0J&rsquo;accuse TF1 d&rsquo;\u00eatre aux ordres de certains candidats, je le dis, et d&rsquo;un candidat, de Nicolas Sarkozy\u00a0\u00bb<\/strong>, a lanc\u00e9 le d\u00e9put\u00e9 de l&rsquo;Essonne, qui \u00e9tait interrog\u00e9 sur Canal+.<\/p>\n<p>Nicolas Dupont-Aignan, qui a quitt\u00e9 l&rsquo;UMP au d\u00e9but de l&rsquo;ann\u00e9e, a expliqu\u00e9 <strong>qu&rsquo;il ne participerait pas \u00e0 l&rsquo;\u00e9mission de TF1 \u00ab\u00a0J&rsquo;ai une question \u00e0 vous poser\u00a0\u00bb parce qu&rsquo;il est \u00ab\u00a0interdit de cette \u00e9mission\u00a0\u00bb, comme (il est) \u00ab\u00a0interdit du Figaro et d&rsquo;Europe-1\u00a0\u00bb.<\/p>\n<p>\u00ab\u00a0Il y a des m\u00e9dias libres et (d&rsquo;autres) qui ne sont pas si libres que \u00e7a, ou du moins qui aiment complaire.<\/strong><\/p>\n<p>Fanch<\/p>\n","protected":false},"excerpt":{"rendered":"<p>Le candidat \u00ab\u00a0gaulliste et r\u00e9publicain\u00a0\u00bb \u00e0 la pr\u00e9sidentielle Nicolas Dupont-Aignan, issu de l&rsquo;UMP, a accus\u00e9 lundi la cha\u00eene de t\u00e9l\u00e9vision TF1 d&rsquo;\u00eatre \u00ab\u00a0aux ordres\u00a0\u00bb du pr\u00e9sident de l&rsquo;UMP Nicolas Sarkozy. \u00ab\u00a0J&rsquo;accuse TF1 d&rsquo;\u00eatre aux ordres de certains candidats, je le dis, et d&rsquo;un candidat, de Nicolas Sarkozy\u00a0\u00bb, a lanc\u00e9 le d\u00e9put\u00e9 de l&rsquo;Essonne, qui \u00e9tait [&hellip;]<\/p>\n","protected":false},"author":1,"featured_media":0,"comment_status":"closed","ping_status":"open","sticky":false,"template":"","format":"standard","meta":{"_citadela_custom_class":"","footnotes":""},"categories":[16],"tags":[],"class_list":["post-7203","post","type-post","status-publish","format-standard","hentry","category-bricabrac"],"_links":{"self":[{"href":"https:\/\/destinationcyber.com\/index.php?rest_route=\/wp\/v2\/posts\/7203","targetHints":{"allow":["GET"]}}],"collection":[{"href":"https:\/\/destinationcyber.com\/index.php?rest_route=\/wp\/v2\/posts"}],"about":[{"href":"https:\/\/destinationcyber.com\/index.php?rest_route=\/wp\/v2\/types\/post"}],"author":[{"embeddable":true,"href":"https:\/\/destinationcyber.com\/index.php?rest_route=\/wp\/v2\/users\/1"}],"replies":[{"embeddable":true,"href":"https:\/\/destinationcyber.com\/index.php?rest_route=%2Fwp%2Fv2%2Fcomments&post=7203"}],"version-history":[{"count":0,"href":"https:\/\/destinationcyber.com\/index.php?rest_route=\/wp\/v2\/posts\/7203\/revisions"}],"wp:attachment":[{"href":"https:\/\/destinationcyber.com\/index.php?rest_route=%2Fwp%2Fv2%2Fmedia&parent=7203"}],"wp:term":[{"taxonomy":"category","embeddable":true,"href":"https:\/\/destinationcyber.com\/index.php?rest_route=%2Fwp%2Fv2%2Fcategories&post=7203"},{"taxonomy":"post_tag","embeddable":true,"href":"https:\/\/destinationcyber.com\/index.php?rest_route=%2Fwp%2Fv2%2Ftags&post=7203"}],"curies":[{"name":"wp","href":"https:\/\/api.w.org\/{rel}","templated":true}]}}