{"id":7202,"date":"2007-02-26T11:48:31","date_gmt":"2007-02-26T10:48:31","guid":{"rendered":"https:\/\/destinationcyber.com\/?p=7202"},"modified":"2007-02-26T11:48:31","modified_gmt":"2007-02-26T10:48:31","slug":"francois-bayrou-propose-un-projet-de-social-economie","status":"publish","type":"post","link":"https:\/\/destinationcyber.com\/?p=7202","title":{"rendered":"Fran\u00e7ois Bayrou propose un projet de \u00ab\u00a0social-\u00e9conomie\u00a0\u00bb"},"content":{"rendered":"<p>Lors d&rsquo;une conf\u00e9rence de presse tenue vendredi dernier pour la pr\u00e9sentation de son programme \u00e9conomique, Fran\u00e7ois Bayrou a pr\u00e9sent\u00e9 un projet de la \u00ab\u00a0social-\u00e9conomie\u00a0\u00bb \u00e0 z\u00e9ro euro de d\u00e9penses nettes suppl\u00e9mentaires.<\/p>\n<p>\u00ab\u00a0Le co\u00fbt de mon projet est de 21 milliards d&rsquo;euros de d\u00e9penses nouvelles\u00a0\u00bb et \u00ab\u00a021 milliards d&rsquo;\u00e9conomies\u00a0\u00bb, a affirm\u00e9 le pr\u00e9sident de l&rsquo;UDF.<\/p>\n<p>Le candidat \u00e0 la pr\u00e9sidentielle a \u00e9galement pr\u00e9cis\u00e9 qu&rsquo;il n&rsquo;y aurait \u00ab\u00a0aucune augmentation des pr\u00e9l\u00e8vements obligatoires\u00a0\u00bb.<\/p>\n<p>R\u00e9p\u00e9tant son intention, s&rsquo;il \u00e9tait \u00e9lu, d&rsquo;inscrire dans la Constitution l&rsquo;interdiction pour un gouvernement de pr\u00e9senter un budget en d\u00e9ficit de fonctionnement, hors p\u00e9riodes de r\u00e9cession, il propose de \u00ab\u00a0supprimer en trois ans les 22 milliards d&rsquo;euros de d\u00e9ficit de fonctionnement du budget de l&rsquo;Etat\u00a0\u00bb.<\/p>\n<p>Il table pour ce faire sur une pr\u00e9vision de croissance annuelle \u00ab\u00a0raisonnable\u00a0\u00bb de 2% et une hausse des prix de 1,8% permettant une augmentation des recettes \u00ab\u00a0de 14 milliards par an\u00a0\u00bb.<\/p>\n<p>La moiti\u00e9 de cette somme serait consacr\u00e9e \u00e0 la diminution du d\u00e9ficit de fonctionnement.<\/p>\n<p>\u00ab\u00a0Au bout de trois ans, nous avons retrouv\u00e9 l&rsquo;\u00e9quilibre et la part de la dette dans la richesse nationale se met \u00e0 baisser\u00a0\u00bb, a-t-il dit.<\/p>\n<p>\u00ab\u00a0Et apr\u00e8s ces trois ans, l&rsquo;Etat et les collectivit\u00e9s locales retrouvent donc sept milliards d&rsquo;euros par an de marge de manoeuvre\u00a0\u00bb.<\/p>\n<p>Fran\u00e7ois Bayrou compte faire neuf milliards d&rsquo;euros d&rsquo;\u00e9conomies avec la suppression progressive en trois ans des exon\u00e9rations de charges sur les entreprises autres que PME ainsi que sur les salaires au dessus de 1,3 SMIC.<\/p>\n<p>Il compte aussi faire 3 milliards d&rsquo;\u00e9conomies sur le contrat de solidarit\u00e9 entre l&rsquo;Etat et les collectivit\u00e9s locales et 4 milliards avec le plafonnement progressif du montant global des niches fiscales.<\/p>\n<p>Enfin, 5 milliards d&rsquo;euros d&rsquo;\u00e9conomies proviendront de la \u00ab\u00a0modernisation de l&rsquo;Etat\u00a0\u00bb.<\/p>\n<p>Sur le sujet tr\u00e8s sensible des retraites, le candidat UDF sugg\u00e8re de faire appel \u00e0 un r\u00e9f\u00e9rendum un \u00ab\u00a0projet de loi\u00a0\u00bb sur la r\u00e9forme des retraites, qui inclurait \u00ab\u00a0naturellement\u00a0\u00bb les r\u00e9gimes sp\u00e9ciaux, avec une prise en compte de la p\u00e9nibilit\u00e9 du travail dans le calcul des trimestres cotis\u00e9s.<\/p>\n<p>Une solution selon lui pour que la r\u00e9forme adopt\u00e9e soit incontestable, p\u00e9renne et si possible transpartisane\u00a0\u00bb, a-t-il d\u00e9clar\u00e9, \u00ab\u00a0stup\u00e9fait\u00a0\u00bb d&rsquo;avoir lu dans le projet du PS que \u00ab\u00a0la premi\u00e8re mesure d&rsquo;un gouvernement de gauche devrait \u00eatre de supprimer la loi Fillon vot\u00e9e en 2004\u00a0\u00bb.<\/p>\n<p>Il compte \u00e9galement \u00ab\u00a0revaloriser le minimum vieillesse et les petites retraites, avec un objectif de 90% du SMIC \u00e0 la fin du quinquennat\u00a0\u00bb, pour un co\u00fbt de \u00ab\u00a03,3 milliards\u00a0\u00bb.<\/p>\n<p>Sur le terrain de l&rsquo;Europe, Fran\u00e7ois Bayrou a d\u00e9fendu l&rsquo;action de la Banque centrale europ\u00e9enne (BCE), accus\u00e9e par Nicolas Sarkozy et S\u00e9gol\u00e8ne Royal de se focaliser sur la ma\u00eetrise de l&rsquo;inflation au d\u00e9triment de la croissance.<\/p>\n<p>Rappelant que la France emprunte \u00e0 3,85% \u00e0 50 ans pour financer sa dette, il a estim\u00e9 que \u00ab\u00a0tout le monde voit bien ce que cette confiance dans la monnaie entra\u00eene comme modicit\u00e9 des taux d&rsquo;int\u00e9r\u00eat et donc comme soutien \u00e0 l&rsquo;investissement\u00a0\u00bb.<\/p>\n<p>Fanch<\/p>\n","protected":false},"excerpt":{"rendered":"<p>Lors d&rsquo;une conf\u00e9rence de presse tenue vendredi dernier pour la pr\u00e9sentation de son programme \u00e9conomique, Fran\u00e7ois Bayrou a pr\u00e9sent\u00e9 un projet de la \u00ab\u00a0social-\u00e9conomie\u00a0\u00bb \u00e0 z\u00e9ro euro de d\u00e9penses nettes suppl\u00e9mentaires. \u00ab\u00a0Le co\u00fbt de mon projet est de 21 milliards d&rsquo;euros de d\u00e9penses nouvelles\u00a0\u00bb et \u00ab\u00a021 milliards d&rsquo;\u00e9conomies\u00a0\u00bb, a affirm\u00e9 le pr\u00e9sident de l&rsquo;UDF. Le [&hellip;]<\/p>\n","protected":false},"author":1,"featured_media":0,"comment_status":"closed","ping_status":"open","sticky":false,"template":"","format":"standard","meta":{"_citadela_custom_class":"","footnotes":""},"categories":[16],"tags":[],"class_list":["post-7202","post","type-post","status-publish","format-standard","hentry","category-bricabrac"],"_links":{"self":[{"href":"https:\/\/destinationcyber.com\/index.php?rest_route=\/wp\/v2\/posts\/7202","targetHints":{"allow":["GET"]}}],"collection":[{"href":"https:\/\/destinationcyber.com\/index.php?rest_route=\/wp\/v2\/posts"}],"about":[{"href":"https:\/\/destinationcyber.com\/index.php?rest_route=\/wp\/v2\/types\/post"}],"author":[{"embeddable":true,"href":"https:\/\/destinationcyber.com\/index.php?rest_route=\/wp\/v2\/users\/1"}],"replies":[{"embeddable":true,"href":"https:\/\/destinationcyber.com\/index.php?rest_route=%2Fwp%2Fv2%2Fcomments&post=7202"}],"version-history":[{"count":0,"href":"https:\/\/destinationcyber.com\/index.php?rest_route=\/wp\/v2\/posts\/7202\/revisions"}],"wp:attachment":[{"href":"https:\/\/destinationcyber.com\/index.php?rest_route=%2Fwp%2Fv2%2Fmedia&parent=7202"}],"wp:term":[{"taxonomy":"category","embeddable":true,"href":"https:\/\/destinationcyber.com\/index.php?rest_route=%2Fwp%2Fv2%2Fcategories&post=7202"},{"taxonomy":"post_tag","embeddable":true,"href":"https:\/\/destinationcyber.com\/index.php?rest_route=%2Fwp%2Fv2%2Ftags&post=7202"}],"curies":[{"name":"wp","href":"https:\/\/api.w.org\/{rel}","templated":true}]}}