{"id":7186,"date":"2007-02-22T17:39:51","date_gmt":"2007-02-22T16:39:51","guid":{"rendered":"https:\/\/destinationcyber.com\/?p=7186"},"modified":"2007-02-22T17:39:51","modified_gmt":"2007-02-22T16:39:51","slug":"le-projet-de-loi-sur-la-protection-de-lenfance-definitivement-adopte","status":"publish","type":"post","link":"https:\/\/destinationcyber.com\/?p=7186","title":{"rendered":"Le projet de loi sur la protection de l&rsquo;enfance d\u00e9finitivement adopt\u00e9"},"content":{"rendered":"<p>Le Parlement a adopt\u00e9 d\u00e9finitivement jeudi le projet de loi sur la protection de l&rsquo;enfance pr\u00e9sent\u00e9 par le ministre d\u00e9l\u00e9gu\u00e9 \u00e0 la Famille, Philippe Bas.<\/p>\n<p>Les d\u00e9put\u00e9s ont adopt\u00e9 le texte tel que le S\u00e9nat l&rsquo;avait vot\u00e9 en deuxi\u00e8me lecture.<\/p>\n<p>Les groupes UMP et UDF ont vot\u00e9 ce texte qui s&rsquo;inspire de plusieurs propositions faites il y a un an par la mission d&rsquo;information de l&rsquo;Assembl\u00e9e sur la famille et les droits des enfants.<\/p>\n<p>Le ministre a pr\u00e9cis\u00e9 que son projet visait \u00e0 renforcer la pr\u00e9vention, \u00e0 organiser le dispositif d&rsquo;alerte et de signalement pour d\u00e9tecter, \u00e9valuer et traiter plus efficacement les situations de danger, diversifier les modes de prise en charge afin de les adapter aux besoins de chaque enfant.<\/p>\n<p>Un amendement a \u00e9t\u00e9 retenu qui pr\u00e9cise que lorsque le mineur refuse d&rsquo;\u00eatre entendu, \u00ab\u00a0le juge appr\u00e9cie le bien fond\u00e9 de ce refus\u00a0\u00bb.<\/p>\n<p>Fanch<\/p>\n","protected":false},"excerpt":{"rendered":"<p>Le Parlement a adopt\u00e9 d\u00e9finitivement jeudi le projet de loi sur la protection de l&rsquo;enfance pr\u00e9sent\u00e9 par le ministre d\u00e9l\u00e9gu\u00e9 \u00e0 la Famille, Philippe Bas. Les d\u00e9put\u00e9s ont adopt\u00e9 le texte tel que le S\u00e9nat l&rsquo;avait vot\u00e9 en deuxi\u00e8me lecture. Les groupes UMP et UDF ont vot\u00e9 ce texte qui s&rsquo;inspire de plusieurs propositions faites [&hellip;]<\/p>\n","protected":false},"author":1,"featured_media":0,"comment_status":"closed","ping_status":"open","sticky":false,"template":"","format":"standard","meta":{"_citadela_custom_class":"","footnotes":""},"categories":[19],"tags":[],"class_list":["post-7186","post","type-post","status-publish","format-standard","hentry","category-e-droit"],"_links":{"self":[{"href":"https:\/\/destinationcyber.com\/index.php?rest_route=\/wp\/v2\/posts\/7186","targetHints":{"allow":["GET"]}}],"collection":[{"href":"https:\/\/destinationcyber.com\/index.php?rest_route=\/wp\/v2\/posts"}],"about":[{"href":"https:\/\/destinationcyber.com\/index.php?rest_route=\/wp\/v2\/types\/post"}],"author":[{"embeddable":true,"href":"https:\/\/destinationcyber.com\/index.php?rest_route=\/wp\/v2\/users\/1"}],"replies":[{"embeddable":true,"href":"https:\/\/destinationcyber.com\/index.php?rest_route=%2Fwp%2Fv2%2Fcomments&post=7186"}],"version-history":[{"count":0,"href":"https:\/\/destinationcyber.com\/index.php?rest_route=\/wp\/v2\/posts\/7186\/revisions"}],"wp:attachment":[{"href":"https:\/\/destinationcyber.com\/index.php?rest_route=%2Fwp%2Fv2%2Fmedia&parent=7186"}],"wp:term":[{"taxonomy":"category","embeddable":true,"href":"https:\/\/destinationcyber.com\/index.php?rest_route=%2Fwp%2Fv2%2Fcategories&post=7186"},{"taxonomy":"post_tag","embeddable":true,"href":"https:\/\/destinationcyber.com\/index.php?rest_route=%2Fwp%2Fv2%2Ftags&post=7186"}],"curies":[{"name":"wp","href":"https:\/\/api.w.org\/{rel}","templated":true}]}}