{"id":7183,"date":"2007-02-22T10:27:47","date_gmt":"2007-02-22T09:27:47","guid":{"rendered":"https:\/\/destinationcyber.com\/?p=7183"},"modified":"2007-02-22T10:27:47","modified_gmt":"2007-02-22T09:27:47","slug":"le-cartel-de-fabricants-dascenseurs-devra-payer-un-milliard-deuros","status":"publish","type":"post","link":"https:\/\/destinationcyber.com\/?p=7183","title":{"rendered":"Le cartel de fabricants d&rsquo;ascenseurs devra payer un milliard d&rsquo;euros"},"content":{"rendered":"<p>Avec une amende frisant le milliard d&rsquo;euros, la Commission a battu mercredi tous les records, en condamnant un cartel de fabricants d&rsquo;ascenseurs dont les effets sur les prix devraient se faire sentir pendant plusieurs dizaines d&rsquo;ann\u00e9es.<\/p>\n<p>Ce sont les quatre premiers fabricants mondiaux d&rsquo;ascenseurs qui ont fait les frais mercredi de la col\u00e8re de Bruxelles, pour une entente illicite en Allemagne et au Benelux ayant dur\u00e9 \u00ab\u00a0au moins\u00a0\u00bb entre 1995 et 2004.<br \/>\n<figure id=\"attachment_7182\" aria-describedby=\"caption-attachment-7182\" style=\"width: 512px\" class=\"wp-caption alignleft\"><img loading=\"lazy\" decoding=\"async\" class=\" alignleft size-full wp-image-7182\" src=\"https:\/\/destinationcyber.com\/wp-content\/uploads\/2007\/02\/jpg_070221202538.jpg\" alt=\"Faillait pas l'\" title=\"Faillait pas l'\" class=\"caption\" align=\"left\" width=\"512\" height=\"499\" srcset=\"https:\/\/destinationcyber.com\/wp-content\/uploads\/2007\/02\/jpg_070221202538.jpg 512w, https:\/\/destinationcyber.com\/wp-content\/uploads\/2007\/02\/jpg_070221202538-300x292.jpg 300w\" sizes=\"auto, (max-width: 512px) 100vw, 512px\" \/><figcaption id=\"caption-attachment-7182\" class=\"wp-caption-text\">Faillait pas l&rsquo;<\/figcaption><\/figure><br \/>\nL&rsquo;Allemand ThyssenKrupp s&rsquo;est vu infliger la facture la plus lourde (480 millions d&rsquo;euros), suivi de l&rsquo;Am\u00e9ricain Otis (225 millions), du Suisse Schindler (144 millions) et du Finlandais Kon\u00e9 (142).<\/p>\n<p>Le japonais Mitsubishi, impliqu\u00e9 uniquement aux Pays-Bas, devra quant \u00e0 lui payer 1,8 million d&rsquo;euros.<\/p>\n<p>La Commission leur reproche notamment d&rsquo;avoir pr\u00e9sent\u00e9 des offres d\u00e9lib\u00e9r\u00e9ment trop ch\u00e8res, afin de donner l&rsquo;impression qu&rsquo;une v\u00e9ritable concurrence s&rsquo;exer\u00e7ait et alors qu&rsquo;ils avaient d\u00e9j\u00e0 d\u00e9cid\u00e9 qui d&rsquo;entre eux l&#8217;emporterait.<\/p>\n<p>\u00ab\u00a0Il est scandaleux que les co\u00fbts de construction et d&rsquo;entretien de b\u00e2timents, y compris d&rsquo;h\u00f4pitaux, aient \u00e9t\u00e9 artificiellement gonfl\u00e9s par ces ententes\u00a0\u00bb, s&rsquo;est indign\u00e9e la commissaire \u00e0 la Concurrence, Neelie Kroes.<\/p>\n<p>Selon elle, ces contrats d&rsquo;entretien font que cette entente pourrait produire des effets \u00ab\u00a0pendant vingt \u00e0 cinquante ans\u00a0\u00bb.<\/p>\n<p>Schindler s&rsquo;est dit \u00ab\u00a0tr\u00e8s surpris\u00a0\u00bb du montant de l&rsquo;amende, la Commission n&rsquo;ayant pas mis en \u00e9vidence une \u00ab\u00a0entente paneurop\u00e9enne\u00a0\u00bb, mais seulement dans quatre pays.<\/p>\n<p>En septembre, Neelie Kroes a en effet r\u00e9form\u00e9 sa m\u00e9thode de calcul, pr\u00e9voyant de p\u00e9naliser plus lourdement les cartels de longue dur\u00e9e et surtout les entreprises r\u00e9cidivistes.<\/p>\n<p>Mercredi, ThyssenKrupp a vu son amende relev\u00e9e de 50% pour r\u00e9cidive.<\/p>\n<p>La facture pourrait \u00eatre d&rsquo;autant plus \u00e9lev\u00e9e que Neelie Kroes incite entreprises et particuliers l\u00e9s\u00e9s \u00e0 r\u00e9clamer au civil des dommages et int\u00e9r\u00eats, s&rsquo;ils ne parviennent pas \u00e0 ren\u00e9gocier leur contrat de maintenance.<\/p>\n<p>Fanch<\/p>\n","protected":false},"excerpt":{"rendered":"<p>Avec une amende frisant le milliard d&rsquo;euros, la Commission a battu mercredi tous les records, en condamnant un cartel de fabricants d&rsquo;ascenseurs dont les effets sur les prix devraient se faire sentir pendant plusieurs dizaines d&rsquo;ann\u00e9es. Ce sont les quatre premiers fabricants mondiaux d&rsquo;ascenseurs qui ont fait les frais mercredi de la col\u00e8re de Bruxelles, [&hellip;]<\/p>\n","protected":false},"author":1,"featured_media":7182,"comment_status":"closed","ping_status":"open","sticky":false,"template":"","format":"standard","meta":{"_citadela_custom_class":"","footnotes":""},"categories":[19],"tags":[],"class_list":["post-7183","post","type-post","status-publish","format-standard","has-post-thumbnail","hentry","category-e-droit"],"_links":{"self":[{"href":"https:\/\/destinationcyber.com\/index.php?rest_route=\/wp\/v2\/posts\/7183","targetHints":{"allow":["GET"]}}],"collection":[{"href":"https:\/\/destinationcyber.com\/index.php?rest_route=\/wp\/v2\/posts"}],"about":[{"href":"https:\/\/destinationcyber.com\/index.php?rest_route=\/wp\/v2\/types\/post"}],"author":[{"embeddable":true,"href":"https:\/\/destinationcyber.com\/index.php?rest_route=\/wp\/v2\/users\/1"}],"replies":[{"embeddable":true,"href":"https:\/\/destinationcyber.com\/index.php?rest_route=%2Fwp%2Fv2%2Fcomments&post=7183"}],"version-history":[{"count":0,"href":"https:\/\/destinationcyber.com\/index.php?rest_route=\/wp\/v2\/posts\/7183\/revisions"}],"wp:featuredmedia":[{"embeddable":true,"href":"https:\/\/destinationcyber.com\/index.php?rest_route=\/wp\/v2\/media\/7182"}],"wp:attachment":[{"href":"https:\/\/destinationcyber.com\/index.php?rest_route=%2Fwp%2Fv2%2Fmedia&parent=7183"}],"wp:term":[{"taxonomy":"category","embeddable":true,"href":"https:\/\/destinationcyber.com\/index.php?rest_route=%2Fwp%2Fv2%2Fcategories&post=7183"},{"taxonomy":"post_tag","embeddable":true,"href":"https:\/\/destinationcyber.com\/index.php?rest_route=%2Fwp%2Fv2%2Ftags&post=7183"}],"curies":[{"name":"wp","href":"https:\/\/api.w.org\/{rel}","templated":true}]}}