{"id":7181,"date":"2007-02-22T10:09:19","date_gmt":"2007-02-22T09:09:19","guid":{"rendered":"https:\/\/destinationcyber.com\/?p=7181"},"modified":"2007-02-22T10:09:19","modified_gmt":"2007-02-22T09:09:19","slug":"le-projet-de-loi-instituant-le-droit-au-logement-opposable-adopte","status":"publish","type":"post","link":"https:\/\/destinationcyber.com\/?p=7181","title":{"rendered":"Le projet de loi instituant le droit au logement opposable adopt\u00e9"},"content":{"rendered":"<p>Les d\u00e9put\u00e9s ont adopt\u00e9 mercredi soir le projet de loi instituant le droit au logement opposable, un texte d\u00e9cid\u00e9 dans l&rsquo;urgence en r\u00e9action \u00e0 la mobilisation en faveur des sans-abri orchestr\u00e9e par l&rsquo;association \u00ab\u00a0Les Enfants de Don Quichotte\u00a0\u00bb.<\/p>\n<p>D\u00e9j\u00e0 examin\u00e9 par le S\u00e9nat, le projet de loi, qui avait \u00e9t\u00e9 d\u00e9clar\u00e9 en urgence, doit d\u00e9sormais \u00eatre examin\u00e9 en commission mixte paritaire.<\/p>\n<p>Une personne n&rsquo;ayant pas obtenu de r\u00e9ponse \u00e0 une demande de logement pourra saisir une commission de m\u00e9diation. Les sans-logis, les personnes menac\u00e9es d&rsquo;expulsion, plac\u00e9es dans une structure d&rsquo;h\u00e9bergement temporaire, log\u00e9es dans une habitation insalubre ou les m\u00e9nages avec enfants mineurs ou avec un handicap\u00e9 log\u00e9s dans des taudis pourront la saisir sans d\u00e9lai.<\/p>\n<p>Les autres demandeurs en attente de logement pourront faire valoir leur droit s&rsquo;ils n&rsquo;ont pas obtenu de r\u00e9ponse \u00ab\u00a0dans un d\u00e9lai anormalement long\u00a0\u00bb, dont la dur\u00e9e sera d\u00e9finie par le pr\u00e9fet en fonction des caract\u00e9ristiques locales.<\/p>\n<p>Fanch<\/p>\n","protected":false},"excerpt":{"rendered":"<p>Les d\u00e9put\u00e9s ont adopt\u00e9 mercredi soir le projet de loi instituant le droit au logement opposable, un texte d\u00e9cid\u00e9 dans l&rsquo;urgence en r\u00e9action \u00e0 la mobilisation en faveur des sans-abri orchestr\u00e9e par l&rsquo;association \u00ab\u00a0Les Enfants de Don Quichotte\u00a0\u00bb. D\u00e9j\u00e0 examin\u00e9 par le S\u00e9nat, le projet de loi, qui avait \u00e9t\u00e9 d\u00e9clar\u00e9 en urgence, doit d\u00e9sormais [&hellip;]<\/p>\n","protected":false},"author":1,"featured_media":0,"comment_status":"closed","ping_status":"open","sticky":false,"template":"","format":"standard","meta":{"_citadela_custom_class":"","footnotes":""},"categories":[19],"tags":[],"class_list":["post-7181","post","type-post","status-publish","format-standard","hentry","category-e-droit"],"_links":{"self":[{"href":"https:\/\/destinationcyber.com\/index.php?rest_route=\/wp\/v2\/posts\/7181","targetHints":{"allow":["GET"]}}],"collection":[{"href":"https:\/\/destinationcyber.com\/index.php?rest_route=\/wp\/v2\/posts"}],"about":[{"href":"https:\/\/destinationcyber.com\/index.php?rest_route=\/wp\/v2\/types\/post"}],"author":[{"embeddable":true,"href":"https:\/\/destinationcyber.com\/index.php?rest_route=\/wp\/v2\/users\/1"}],"replies":[{"embeddable":true,"href":"https:\/\/destinationcyber.com\/index.php?rest_route=%2Fwp%2Fv2%2Fcomments&post=7181"}],"version-history":[{"count":0,"href":"https:\/\/destinationcyber.com\/index.php?rest_route=\/wp\/v2\/posts\/7181\/revisions"}],"wp:attachment":[{"href":"https:\/\/destinationcyber.com\/index.php?rest_route=%2Fwp%2Fv2%2Fmedia&parent=7181"}],"wp:term":[{"taxonomy":"category","embeddable":true,"href":"https:\/\/destinationcyber.com\/index.php?rest_route=%2Fwp%2Fv2%2Fcategories&post=7181"},{"taxonomy":"post_tag","embeddable":true,"href":"https:\/\/destinationcyber.com\/index.php?rest_route=%2Fwp%2Fv2%2Ftags&post=7181"}],"curies":[{"name":"wp","href":"https:\/\/api.w.org\/{rel}","templated":true}]}}