{"id":7179,"date":"2007-02-22T09:51:24","date_gmt":"2007-02-22T08:51:24","guid":{"rendered":"https:\/\/destinationcyber.com\/?p=7179"},"modified":"2007-02-22T09:51:24","modified_gmt":"2007-02-22T08:51:24","slug":"francois-bayrou-souhaite-rassembler-les-francais-autour-de-valeurs-communes","status":"publish","type":"post","link":"https:\/\/destinationcyber.com\/?p=7179","title":{"rendered":"Fran\u00e7ois Bayrou souhaite rassembler les Fran\u00e7ais autour de valeurs communes"},"content":{"rendered":"<p>Le candidat de l&rsquo;UDF \u00e0 la pr\u00e9sidentielle, Fran\u00e7ois Bayrou, a expliqu\u00e9 qu&rsquo;il souhaitait rassembler les Fran\u00e7ais autour de valeurs communes, et non sur une \u00e9tiquette politique.<\/p>\n<p>Il ne s&rsquo;agit pas pour moi de remplacer le verrouillage \u00e0 droite par un verrouillage \u00e0 gauche\u00a0\u00bb, a expliqu\u00e9 le d\u00e9put\u00e9 b\u00e9arnais sur France Inter.<\/p>\n<p>Alors que certains \u00e9lus, comme le d\u00e9put\u00e9 europ\u00e9en Daniel Cohn-Bendit, sugg\u00e8rent un rapprochement entre le PS, les Verts et l&rsquo;UDF, le leader centriste pr\u00f4ne un rassemblement autour de \u00ab\u00a0valeurs\u00a0\u00bb comme \u00ab\u00a0l&rsquo;entreprise\u00a0\u00bb ou la \u00ab\u00a0solidarit\u00e9\u00a0\u00bb.<\/p>\n<p>Petit sondage sur <a href=\"http:\/\/fr.news.yahoo.com\/presidentielle\/sondages-yahoo.html?poll_id=22666&#038;wv=1\">Yahoo.fr<\/a>:<\/p>\n<table>\n<tbody>\n<tr class='row_even'>\n<td><em>Financement : qui est le plus cr\u00e9dible ?<\/em><\/td>\n<\/tr>\n<\/tbody>\n<\/table>\n<table>\n<tbody>\n<tr class='row_even'>\n<td>51817 votes depuis le Feb 15 2007<\/td>\n<\/tr>\n<tr class='row_odd'>\n<td>Fran\u00e7ois Bayrou \t<\/td>\n<td>40% \t<\/td>\n<td>20288 votes<\/td>\n<\/tr>\n<tr class='row_even'>\n<td>Nicolas Sarkozy \t<\/td>\n<td>30% \t<\/td>\n<td>15255 votes<\/td>\n<\/tr>\n<tr class='row_odd'>\n<td>S\u00e9gol\u00e8ne Royal \t<\/td>\n<td>22% \t<\/td>\n<td>11133 votes<\/td>\n<\/tr>\n<tr class='row_even'>\n<td>Jean-Marie Le Pen    <\/td>\n<td>8% \t<\/td>\n<td>3679 votes<\/td>\n<\/tr>\n<tr class='row_odd'>\n<td>Un des autres candidats \t<\/td>\n<td>3% \t<\/td>\n<td>1462 votes<\/td>\n<\/tr>\n<\/tbody>\n<\/table>\n<p>Intanstan\u00e9, le jeudi 22 f\u00e9vrier 09 h 45<\/p>\n<p>Petit sondage sur <a href=\"http:\/\/fr.news.yahoo.com\/presidentielle\/sondages-yahoo.html?poll_id=22730&#038;wv=1\">Yahoo.fr<\/a>:<\/p>\n<table>\n<tbody>\n<tr class='row_even'>\n<td><em>Royal absente du 2nd tour ?<\/em><\/td>\n<\/tr>\n<\/tbody>\n<\/table>\n<table>\n<tbody>\n<tr class='row_even'>\n<td>41987 votes depuis le Feb 17 2007<\/td>\n<\/tr>\n<tr class='row_odd'>\n<td>C&rsquo;est de l&rsquo;intox \t<\/td>\n<td>19% \t<\/td>\n<td>7961 votes<\/td>\n<\/tr>\n<tr class='row_even'>\n<td>C&rsquo;est possible \t<\/td>\n<td>46% \t<\/td>\n<td>19286 votes<\/td>\n<\/tr>\n<tr class='row_odd'>\n<td>C&rsquo;est absurde \t<\/td>\n<td>12% \t<\/td>\n<td>4814 votes<\/td>\n<\/tr>\n<tr class='row_even'>\n<td>C&rsquo;est probable    <\/td>\n<td>23% \t<\/td>\n<td>9241 votes<\/td>\n<\/tr>\n<tr class='row_odd'>\n<td>aucune id\u00e9e \t<\/td>\n<td>2% \t<\/td>\n<td>685 votes<\/td>\n<\/tr>\n<\/tbody>\n<\/table>\n<p>Intanstan\u00e9, le jeudi 22 f\u00e9vrier 09 h 45<\/p>\n<p>Fanch<\/p>\n","protected":false},"excerpt":{"rendered":"<p>Le candidat de l&rsquo;UDF \u00e0 la pr\u00e9sidentielle, Fran\u00e7ois Bayrou, a expliqu\u00e9 qu&rsquo;il souhaitait rassembler les Fran\u00e7ais autour de valeurs communes, et non sur une \u00e9tiquette politique. Il ne s&rsquo;agit pas pour moi de remplacer le verrouillage \u00e0 droite par un verrouillage \u00e0 gauche\u00a0\u00bb, a expliqu\u00e9 le d\u00e9put\u00e9 b\u00e9arnais sur France Inter. Alors que certains \u00e9lus, [&hellip;]<\/p>\n","protected":false},"author":1,"featured_media":0,"comment_status":"closed","ping_status":"open","sticky":false,"template":"","format":"standard","meta":{"_citadela_custom_class":"","footnotes":""},"categories":[16],"tags":[],"class_list":["post-7179","post","type-post","status-publish","format-standard","hentry","category-bricabrac"],"_links":{"self":[{"href":"https:\/\/destinationcyber.com\/index.php?rest_route=\/wp\/v2\/posts\/7179","targetHints":{"allow":["GET"]}}],"collection":[{"href":"https:\/\/destinationcyber.com\/index.php?rest_route=\/wp\/v2\/posts"}],"about":[{"href":"https:\/\/destinationcyber.com\/index.php?rest_route=\/wp\/v2\/types\/post"}],"author":[{"embeddable":true,"href":"https:\/\/destinationcyber.com\/index.php?rest_route=\/wp\/v2\/users\/1"}],"replies":[{"embeddable":true,"href":"https:\/\/destinationcyber.com\/index.php?rest_route=%2Fwp%2Fv2%2Fcomments&post=7179"}],"version-history":[{"count":0,"href":"https:\/\/destinationcyber.com\/index.php?rest_route=\/wp\/v2\/posts\/7179\/revisions"}],"wp:attachment":[{"href":"https:\/\/destinationcyber.com\/index.php?rest_route=%2Fwp%2Fv2%2Fmedia&parent=7179"}],"wp:term":[{"taxonomy":"category","embeddable":true,"href":"https:\/\/destinationcyber.com\/index.php?rest_route=%2Fwp%2Fv2%2Fcategories&post=7179"},{"taxonomy":"post_tag","embeddable":true,"href":"https:\/\/destinationcyber.com\/index.php?rest_route=%2Fwp%2Fv2%2Ftags&post=7179"}],"curies":[{"name":"wp","href":"https:\/\/api.w.org\/{rel}","templated":true}]}}