{"id":7164,"date":"2007-02-21T11:15:41","date_gmt":"2007-02-21T10:15:41","guid":{"rendered":"https:\/\/destinationcyber.com\/?p=7164"},"modified":"2007-02-21T11:15:41","modified_gmt":"2007-02-21T10:15:41","slug":"berlin-resistances-face-au-projet-de-taxer-les-vehicules-polluants","status":"publish","type":"post","link":"https:\/\/destinationcyber.com\/?p=7164","title":{"rendered":"Berlin: r\u00e9sistances face au projet de taxer les v\u00e9hicules polluants"},"content":{"rendered":"<p>A peine ses intentions rendues publiques de r\u00e9former la taxe sur les v\u00e9hicules en tenant \u00e0 l&rsquo;avenir compte de leur rejets de gaz polluants, le gouvernement allemand se heurte \u00e0 l&rsquo;hostilit\u00e9 de plusieurs r\u00e9gions f\u00e9d\u00e9rales d&rsquo;Allemagne.<\/p>\n<p>Sans que la couleur politique ne joue, la ville-Etat de Berlin \u00e0 gauche (SPD) et \u00e0 droite les r\u00e9gions de Basse-Saxe et du Bade-W\u00fcrtemberg (CDU toutes les deux) ont d\u00e9j\u00e0 \u00e9mis des r\u00e9serves face \u00e0 ce projet.<\/p>\n<p>Il n&rsquo;existerait pas de donn\u00e9es relatives \u00e0 leurs rejets de gaz carbonique (CO2) pour les mod\u00e8les dont l&rsquo;ann\u00e9e de fabrication est ant\u00e9rieure \u00e0 2005.<\/p>\n<p>Et bien entendu, les r\u00e9gions ne doivent pas in fine p\u00e2tir de pertes fiscales du fait de la r\u00e9forme, sans quoi leur blocage sur le vote de la loi para\u00eet acquis.<\/p>\n<p>Selon le ministre de l&rsquo;environnement Sigmar Gabriel (SPD), les v\u00e9hicules \u00e9mettant particuli\u00e8rement peu de CO2 pourraient \u00eatre exon\u00e9r\u00e9s de taxe.<\/p>\n<p>Les verts, dans l&rsquo;opposition parlementaire, veulent h\u00e2ter le mouvement.<\/p>\n<p>Dans l&rsquo;entourage du ministre des finances Peer Steinbr\u00fcck (SPD), on indique que la pr\u00e9paration d&rsquo;un texte de loi va encore prendre plusieurs mois.<\/p>\n<p>Aussi, l&rsquo;agitation autour de ce sujet fiscal en \u00e9tonne au gouvernement alors qu&rsquo;il s&rsquo;agit d&rsquo;une promesse de la grande coalition d&rsquo;Angela Merkel figurant au programme de gouvernement datant de novembre 2005.<\/p>\n<p>La r\u00e9duction des gaz \u00e0 effet de serre est une priorit\u00e9 affich\u00e9e par Angela Merkel, lors de pr\u00e9sidence allemande de l&rsquo;Union Europ\u00e9enne s&rsquo;achevant en juin.<\/p>\n<p>La discussion qui fait surface en Allemagne survient alors que la Commission europ\u00e9enne veut par ailleurs obtenir des constructeurs automobiles qu&rsquo;ils r\u00e9duisent de 25% d&rsquo;ici cinq ans la quantit\u00e9 de CO2 \u00e9mise par les voitures neuves.<\/p>\n<p>Fanch<\/p>\n","protected":false},"excerpt":{"rendered":"<p>A peine ses intentions rendues publiques de r\u00e9former la taxe sur les v\u00e9hicules en tenant \u00e0 l&rsquo;avenir compte de leur rejets de gaz polluants, le gouvernement allemand se heurte \u00e0 l&rsquo;hostilit\u00e9 de plusieurs r\u00e9gions f\u00e9d\u00e9rales d&rsquo;Allemagne. Sans que la couleur politique ne joue, la ville-Etat de Berlin \u00e0 gauche (SPD) et \u00e0 droite les r\u00e9gions [&hellip;]<\/p>\n","protected":false},"author":1,"featured_media":0,"comment_status":"closed","ping_status":"open","sticky":false,"template":"","format":"standard","meta":{"_citadela_custom_class":"","footnotes":""},"categories":[17],"tags":[],"class_list":["post-7164","post","type-post","status-publish","format-standard","hentry","category-economia"],"_links":{"self":[{"href":"https:\/\/destinationcyber.com\/index.php?rest_route=\/wp\/v2\/posts\/7164","targetHints":{"allow":["GET"]}}],"collection":[{"href":"https:\/\/destinationcyber.com\/index.php?rest_route=\/wp\/v2\/posts"}],"about":[{"href":"https:\/\/destinationcyber.com\/index.php?rest_route=\/wp\/v2\/types\/post"}],"author":[{"embeddable":true,"href":"https:\/\/destinationcyber.com\/index.php?rest_route=\/wp\/v2\/users\/1"}],"replies":[{"embeddable":true,"href":"https:\/\/destinationcyber.com\/index.php?rest_route=%2Fwp%2Fv2%2Fcomments&post=7164"}],"version-history":[{"count":0,"href":"https:\/\/destinationcyber.com\/index.php?rest_route=\/wp\/v2\/posts\/7164\/revisions"}],"wp:attachment":[{"href":"https:\/\/destinationcyber.com\/index.php?rest_route=%2Fwp%2Fv2%2Fmedia&parent=7164"}],"wp:term":[{"taxonomy":"category","embeddable":true,"href":"https:\/\/destinationcyber.com\/index.php?rest_route=%2Fwp%2Fv2%2Fcategories&post=7164"},{"taxonomy":"post_tag","embeddable":true,"href":"https:\/\/destinationcyber.com\/index.php?rest_route=%2Fwp%2Fv2%2Ftags&post=7164"}],"curies":[{"name":"wp","href":"https:\/\/api.w.org\/{rel}","templated":true}]}}