{"id":7162,"date":"2007-02-21T10:59:26","date_gmt":"2007-02-21T09:59:26","guid":{"rendered":"https:\/\/destinationcyber.com\/?p=7162"},"modified":"2007-02-21T10:59:26","modified_gmt":"2007-02-21T09:59:26","slug":"eric-besson-demissionne-du-parti-socialiste","status":"publish","type":"post","link":"https:\/\/destinationcyber.com\/?p=7162","title":{"rendered":"Eric Besson d\u00e9missionne du Parti socialiste"},"content":{"rendered":"<p>Apr\u00e8s avoir d\u00e9missionn\u00e9 de son poste de secr\u00e9taire national \u00e0 l&rsquo;Economie, il a annonc\u00e9 mercredi avoir \u00ab\u00a0d\u00e9cid\u00e9 de quitter le PS\u00a0\u00bb apr\u00e8s que ses suggestions sur \u00ab\u00a0la campagne mal organis\u00e9e et mal orient\u00e9e\u00a0\u00bb de la candidate S\u00e9gol\u00e8ne Royal n&rsquo;ont pas \u00e9t\u00e9 prises en compte mais aussi en raison \u00ab\u00a0d&rsquo;attaques personnelles indignes\u00a0\u00bb.<\/p>\n<p>\u00ab\u00a0Je le dis \u00e0 Fran\u00e7ois Hollande mon interlocuteur privil\u00e9gi\u00e9, aux deux codirecteurs de campagne, je travaille, je donne des notes, je dis nous allons dans la mauvaise direction: je constate que les choses ne se sont pas faites\u00a0\u00bb.<\/p>\n<p>De plus, \u00ab\u00a0la semaine derni\u00e8re parce que j&rsquo;\u00e9tais en d\u00e9saccord, j&rsquo;ai voulu d\u00e9missionner discr\u00e8tement du secr\u00e9tariat national\u00a0\u00bb, mais \u00ab\u00a0le fait que je veuille simplement me mettre en retrait de la campagne pr\u00e9sidentielle (&#8230;) a donn\u00e9 lieu \u00e0 des attaques personnelles indignes de la vie politique, mais indignes particuli\u00e8rement du parti auquel on appartient\u00a0\u00bb, a-t-il d\u00e9plor\u00e9.<\/p>\n<p>M. Besson y d\u00e9clare que \u00ab\u00a0sont \u00e0 l&rsquo;origine directe\u00a0\u00bb de son d\u00e9part du PS \u00ab\u00a0ceux qui ont cru devoir toucher\u00a0\u00bb \u00e0 sa vie priv\u00e9e en \u00e9voquant \u00ab\u00a0de pr\u00e9tendues difficult\u00e9s conjugales et familiales qui pouvaient expliquer (sa) suppos\u00e9e \u00abd\u00e9prime\u00bb\u00a0\u00bb. Il met en cause \u00e0 ce sujet des membres de l&rsquo;entourage de la candidate socialiste \u00e0 la pr\u00e9sidentielle, S\u00e9gol\u00e8ne Royal.<\/p>\n<p>Le d\u00e9put\u00e9 de la Dr\u00f4me, qui \u00ab\u00a0ne se repr\u00e9sentera pas aux \u00e9lections l\u00e9gislatives\u00a0\u00bb, a assur\u00e9 que son d\u00e9part du PS \u00ab\u00a0n&rsquo;est pas un coup de t\u00eate\u00a0\u00bb mais une d\u00e9cision r\u00e9fl\u00e9chie ind\u00e9pendante d&rsquo;un \u00e9ventuel d\u00e9saccord sur le chiffrage du programme Royal.<\/p>\n<p>Eric Besson a d\u00e9nonc\u00e9 \u00ab\u00a0le r\u00f4le excessif de conseillers qui font la pluie et le beau temps, et qui arbitrent des choses pour lesquelles ils n&rsquo;ont, \u00e0 mon sens, ni comp\u00e9tence ni l\u00e9gitimit\u00e9\u00a0\u00bb.<\/p>\n<p>\u00ab\u00a0Je ne comprends pas qu&rsquo;un grand parti comme le PS et sa candidate puissent \u00eatre sur des questions-cl\u00e9 \u00e0 ce degr\u00e9-l\u00e0 d&rsquo;amateurisme\u00a0\u00bb, a-t-il fustig\u00e9.<\/p>\n<p>Et de pr\u00e9venir que si la gauche perd, lui aura \u00ab\u00a0essay\u00e9 de faire ce qu&rsquo;il trouvait juste\u00a0\u00bb.<\/p>\n<p>Mais Eric Besson \u00ab\u00a0n&rsquo;arr\u00eate pas la vie politique\u00a0\u00bb et \u00ab\u00a0a toujours l&rsquo;intention de m&rsquo;exprimer en politique\u00a0\u00bb sur \u00ab\u00a0des questions essentielles pour l&rsquo;avenir de notre pays\u00a0\u00bb.<\/p>\n<p>Fanch<\/p>\n","protected":false},"excerpt":{"rendered":"<p>Apr\u00e8s avoir d\u00e9missionn\u00e9 de son poste de secr\u00e9taire national \u00e0 l&rsquo;Economie, il a annonc\u00e9 mercredi avoir \u00ab\u00a0d\u00e9cid\u00e9 de quitter le PS\u00a0\u00bb apr\u00e8s que ses suggestions sur \u00ab\u00a0la campagne mal organis\u00e9e et mal orient\u00e9e\u00a0\u00bb de la candidate S\u00e9gol\u00e8ne Royal n&rsquo;ont pas \u00e9t\u00e9 prises en compte mais aussi en raison \u00ab\u00a0d&rsquo;attaques personnelles indignes\u00a0\u00bb. \u00ab\u00a0Je le dis \u00e0 [&hellip;]<\/p>\n","protected":false},"author":1,"featured_media":0,"comment_status":"closed","ping_status":"open","sticky":false,"template":"","format":"standard","meta":{"_citadela_custom_class":"","footnotes":""},"categories":[16],"tags":[],"class_list":["post-7162","post","type-post","status-publish","format-standard","hentry","category-bricabrac"],"_links":{"self":[{"href":"https:\/\/destinationcyber.com\/index.php?rest_route=\/wp\/v2\/posts\/7162","targetHints":{"allow":["GET"]}}],"collection":[{"href":"https:\/\/destinationcyber.com\/index.php?rest_route=\/wp\/v2\/posts"}],"about":[{"href":"https:\/\/destinationcyber.com\/index.php?rest_route=\/wp\/v2\/types\/post"}],"author":[{"embeddable":true,"href":"https:\/\/destinationcyber.com\/index.php?rest_route=\/wp\/v2\/users\/1"}],"replies":[{"embeddable":true,"href":"https:\/\/destinationcyber.com\/index.php?rest_route=%2Fwp%2Fv2%2Fcomments&post=7162"}],"version-history":[{"count":0,"href":"https:\/\/destinationcyber.com\/index.php?rest_route=\/wp\/v2\/posts\/7162\/revisions"}],"wp:attachment":[{"href":"https:\/\/destinationcyber.com\/index.php?rest_route=%2Fwp%2Fv2%2Fmedia&parent=7162"}],"wp:term":[{"taxonomy":"category","embeddable":true,"href":"https:\/\/destinationcyber.com\/index.php?rest_route=%2Fwp%2Fv2%2Fcategories&post=7162"},{"taxonomy":"post_tag","embeddable":true,"href":"https:\/\/destinationcyber.com\/index.php?rest_route=%2Fwp%2Fv2%2Ftags&post=7162"}],"curies":[{"name":"wp","href":"https:\/\/api.w.org\/{rel}","templated":true}]}}